{"id":2079,"date":"2026-04-26T18:52:23","date_gmt":"2026-04-26T21:52:23","guid":{"rendered":"https:\/\/autoneggocio.com.br\/?p=2079"},"modified":"2026-04-26T18:52:33","modified_gmt":"2026-04-26T21:52:33","slug":"conheca-o-novo-toyota-iq-2026-a-revolucao-da-mobilidade","status":"publish","type":"post","link":"https:\/\/autoneggocio.com.br\/en\/conheca-o-novo-toyota-iq-2026-a-revolucao-da-mobilidade\/","title":{"rendered":"Conhe\u00e7a o Novo Toyota iQ 2026: A Revolu\u00e7\u00e3o da Mobilidade Urbana Inteligente"},"content":{"rendered":"<p>O cen\u00e1rio das grandes metr\u00f3poles brasileiras exige, cada vez mais, solu\u00e7\u00f5es que unam efici\u00eancia, economia e, acima de tudo, facilidade de locomo\u00e7\u00e3o. <\/p>\n\n\n\n<p>Em um mundo onde as vagas de estacionamento parecem encolher e o pre\u00e7o dos combust\u00edveis flutua constantemente, surge uma proposta que promete mudar a forma como enxergamos os carros de passeio. <\/p>\n\n\n\n<p>O <strong>Toyota iQ 2026<\/strong> chega ao mercado n\u00e3o apenas como um ve\u00edculo compacto, mas como uma verdadeira declara\u00e7\u00e3o de intelig\u00eancia aplicada \u00e0 engenharia automotiva.<\/p>\n\n\n\n<p>A Toyota, conhecida por sua confiabilidade mec\u00e2nica, decidiu reviver um de seus conceitos mais ic\u00f4nicos, adaptando-o para as exig\u00eancias tecnol\u00f3gicas desta d\u00e9cada. <\/p>\n\n\n\n<p>O novo iQ n\u00e3o \u00e9 apenas &#8220;pequeno&#8221;; ele \u00e9 um <strong>ultracompacto premium<\/strong> que desafia a l\u00f3gica de espa\u00e7o interno versus dimens\u00f5es externas. <\/p>\n\n\n\n<p>Se voc\u00ea busca uma alternativa aos SUVs gigantescos para o uso di\u00e1rio, este artigo vai detalhar por que o iQ 2026 pode ser o seu pr\u00f3ximo passo.<\/p>\n\n\n\n<h3 class=\"wp-block-heading\">O Design que Desafia as Dimens\u00f5es<\/h3>\n\n\n\n<p>\u00c0 primeira vista, o <strong>Toyota iQ 2026<\/strong> impressiona pelo seu porte minimalista, com apenas cerca de 3 metros de comprimento. <\/p>\n\n\n\n<p>No entanto, sua largura \u00e9 compar\u00e1vel \u00e0 de um sed\u00e3 m\u00e9dio, o que garante uma estabilidade surpreendente em curvas e uma presen\u00e7a visual robusta.<\/p>\n\n\n\n<ul class=\"wp-block-list\">\n<li><strong>Ilumina\u00e7\u00e3o Full LED:<\/strong> Os far\u00f3is dianteiros possuem um desenho afilado que confere um ar futurista e agressivo, garantindo visibilidade m\u00e1xima com baixo consumo de energia.<\/li>\n\n\n\n<li><strong>Rodas nas Extremidades:<\/strong> A engenharia posicionou as rodas nos cantos extremos da carroceria, minimizando os balan\u00e7os dianteiro e traseiro. Isso n\u00e3o apenas melhora o aproveitamento de espa\u00e7o interno, mas torna as manobras de baliza uma tarefa de segundos.<\/li>\n\n\n\n<li><strong>Aerodin\u00e2mica Otimizada:<\/strong> Cada linha do novo iQ foi pensada para reduzir o <strong>coeficiente aerodin\u00e2mico<\/strong>, o que impacta diretamente na economia de combust\u00edvel e na redu\u00e7\u00e3o de ru\u00eddos em velocidades mais altas.<\/li>\n<\/ul>\n\n\n\n<h3 class=\"wp-block-heading\">Motoriza\u00e7\u00e3o e Efici\u00eancia: O Cora\u00e7\u00e3o do iQ 2026<\/h3>\n\n\n\n<p>Para 2026, a Toyota diversificou as op\u00e7\u00f5es de motoriza\u00e7\u00e3o para atender a diferentes perfis de motoristas. O foco principal \u00e9 a <strong>sustentabilidade urbana<\/strong> aliada ao baixo custo de manuten\u00e7\u00e3o.<\/p>\n\n\n\n<ol start=\"1\" class=\"wp-block-list\">\n<li><strong>Vers\u00e3o 1.0 VVT-i de 3 Cilindros:<\/strong> Uma evolu\u00e7\u00e3o do motor j\u00e1 consagrado, otimizado para entregar cerca de <strong>68 cv<\/strong>. \u00c9 a escolha ideal para quem busca o menor pre\u00e7o de aquisi\u00e7\u00e3o e uma mec\u00e2nica simples.<\/li>\n\n\n\n<li><strong>Variante H\u00edbrida (HEV):<\/strong> Utilizando a tecnologia h\u00edbrida de quinta gera\u00e7\u00e3o da Toyota, esta vers\u00e3o combina um motor el\u00e9trico auxiliar para sa\u00eddas de sinal e baixas velocidades, elevando a m\u00e9dia de consumo urbano para patamares superiores a <strong>25 km\/l<\/strong>.<\/li>\n\n\n\n<li><strong>O iQ Electric (EV):<\/strong> Focada em mercados com infraestrutura de recarga avan\u00e7ada, a vers\u00e3o totalmente el\u00e9trica oferece uma autonomia projetada de 200 km, o suficiente para uma semana inteira de deslocamentos urbanos sem emitir um grama de CO2.<\/li>\n<\/ol>\n\n\n\n<h3 class=\"wp-block-heading\">Interior Inteligente: 3+1 Lugares<\/h3>\n\n\n\n<p>O grande trunfo do <strong>Toyota iQ 2026<\/strong> \u00e9 sua configura\u00e7\u00e3o interna <strong>3+1<\/strong>. Gra\u00e7as a um painel assim\u00e9trico e uma caixa de ar-condicionado ultracompacta, o passageiro dianteiro consegue sentar-se um pouco \u00e0 frente do motorista. <\/p>\n\n\n\n<p>Isso libera espa\u00e7o suficiente para que um adulto viaje confortavelmente atr\u00e1s do passageiro, enquanto o assento atr\u00e1s do motorista \u00e9 ideal para uma crian\u00e7a ou para acomodar bagagens pequenas.<\/p>\n\n\n\n<p>A <strong>central multim\u00eddia de 10 polegadas<\/strong> traz conectividade sem fio com Apple CarPlay e Android Auto, garantindo que o motorista tenha acesso a Waze e Spotify sem a necessidade de cabos. O acabamento utiliza materiais reciclados de alta qualidade, refor\u00e7ando o compromisso ecol\u00f3gico do modelo.<\/p>\n\n\n\n<h3 class=\"wp-block-heading\">Seguran\u00e7a em Pequeno Frasco: Toyota Safety Sense<\/h3>\n\n\n\n<p>Muitas pessoas questionam a seguran\u00e7a de carros t\u00e3o pequenos. A Toyota respondeu a isso equipando o iQ 2026 com o pacote <strong>Toyota Safety Sense (TSS)<\/strong>.<\/p>\n\n\n\n<ul class=\"wp-block-list\">\n<li><strong>9 Airbags de s\u00e9rie:<\/strong> Incluindo o inovador airbag de cortina traseiro, que protege a cabe\u00e7a dos ocupantes contra impactos atrav\u00e9s do vidro vigia.<\/li>\n\n\n\n<li><strong>Frenagem Aut\u00f4noma de Emerg\u00eancia:<\/strong> O sistema detecta pedestres e ciclistas, acionando os freios automaticamente para evitar colis\u00f5es.<\/li>\n\n\n\n<li><strong>Controle de Estabilidade (VSC) e Tra\u00e7\u00e3o (TRC):<\/strong> Essenciais para manter o ve\u00edculo na trajet\u00f3ria em pisos molhados ou manobras bruscas.<\/li>\n<\/ul>\n\n\n\n<figure class=\"wp-block-embed is-type-video is-provider-youtube wp-block-embed-youtube wp-embed-aspect-16-9 wp-has-aspect-ratio\"><div class=\"wp-block-embed__wrapper\">\n<iframe title=\"Carro Min\u00fasculo por Apenas $16 Mil?! O Novo Toyota iQ 2026 Vai Chocar Voc\u00ea! \ud83d\ude31\" width=\"960\" height=\"540\" src=\"https:\/\/www.youtube.com\/embed\/Be9R9YIvLsg?feature=oembed\" frameborder=\"0\" allow=\"accelerometer; autoplay; clipboard-write; encrypted-media; gyroscope; picture-in-picture; web-share\" referrerpolicy=\"strict-origin-when-cross-origin\" allowfullscreen><\/iframe>\n<\/div><\/figure>\n\n\n\n<h3 class=\"wp-block-heading\">Passo a Passo: Como Escolher a Sua Vers\u00e3o do iQ 2026<\/h3>\n\n\n\n<p>Se voc\u00ea est\u00e1 considerando este modelo para o seu dia a dia, siga este roteiro de decis\u00e3o para garantir a melhor compra:<\/p>\n\n\n\n<ul class=\"wp-block-list\">\n<li><strong>Passo 1: Analise sua quilometragem di\u00e1ria.<\/strong> Se voc\u00ea roda menos de 40 km por dia apenas na cidade, a vers\u00e3o <strong>1.0 aspirada<\/strong> oferece o melhor custo-benef\u00edcio.<\/li>\n\n\n\n<li><strong>Passo 2: Verifique pontos de recarga.<\/strong> Se o seu condom\u00ednio ou local de trabalho possui carregadores, a vers\u00e3o <strong>el\u00e9trica<\/strong> trar\u00e1 uma economia imbat\u00edvel a longo prazo.<\/li>\n\n\n\n<li><strong>Passo 3: Priorize a tecnologia.<\/strong> Se voc\u00ea n\u00e3o abre m\u00e3o de itens como controle de cruzeiro adaptativo e carregamento de celular por indu\u00e7\u00e3o, busque a configura\u00e7\u00e3o <strong>Premium Hybrid<\/strong>.<\/li>\n\n\n\n<li><strong>Passo 4: Test-drive de manobrabilidade.<\/strong> Ao visitar a concession\u00e1ria, pe\u00e7a para testar o raio de giro do ve\u00edculo. \u00c9 o momento em que voc\u00ea entender\u00e1 o verdadeiro valor de um carro que faz retornos em ruas onde outros precisam de tr\u00eas manobras.<\/li>\n<\/ul>\n\n\n\n<h3 class=\"wp-block-heading\">Tabela T\u00e9cnica: Comparativo R\u00e1pido<\/h3>\n\n\n\n<figure class=\"wp-block-table\"><table class=\"has-fixed-layout\"><thead><tr><th class=\"has-text-align-center\" data-align=\"center\">Caracter\u00edstica<\/th><th class=\"has-text-align-center\" data-align=\"center\">Toyota iQ 1.0 (Gasolina)<\/th><th class=\"has-text-align-center\" data-align=\"center\">Toyota iQ Hybrid<\/th><\/tr><\/thead><tbody><tr><td class=\"has-text-align-center\" data-align=\"center\"><strong>Comprimento<\/strong><\/td><td class=\"has-text-align-center\" data-align=\"center\">2.98 m<\/td><td class=\"has-text-align-center\" data-align=\"center\">2.98 m<\/td><\/tr><tr><td class=\"has-text-align-center\" data-align=\"center\"><strong>Pot\u00eancia Combinada<\/strong><\/td><td class=\"has-text-align-center\" data-align=\"center\">68 cv<\/td><td class=\"has-text-align-center\" data-align=\"center\">91 cv<\/td><\/tr><tr><td class=\"has-text-align-center\" data-align=\"center\"><strong>Consumo M\u00e9dio (Cidade)<\/strong><\/td><td class=\"has-text-align-center\" data-align=\"center\">18.5 km\/l<\/td><td class=\"has-text-align-center\" data-align=\"center\">26.2 km\/l<\/td><\/tr><tr><td class=\"has-text-align-center\" data-align=\"center\"><strong>Transmiss\u00e3o<\/strong><\/td><td class=\"has-text-align-center\" data-align=\"center\">Manual ou CVT<\/td><td class=\"has-text-align-center\" data-align=\"center\">e-CVT<\/td><\/tr><tr><td class=\"has-text-align-center\" data-align=\"center\"><strong>Capacidade de Carga<\/strong><\/td><td class=\"has-text-align-center\" data-align=\"center\">32 L (bancos em uso)<\/td><td class=\"has-text-align-center\" data-align=\"center\">32 L (bancos em uso)<\/td><\/tr><\/tbody><\/table><\/figure>\n\n\n\n<h3 class=\"wp-block-heading\">Sustentabilidade e o Mercado Brasileiro<\/h3>\n\n\n\n<p>O lan\u00e7amento do <strong>Toyota iQ 2026<\/strong> no Brasil faz parte de uma estrat\u00e9gia global de <strong>descarboniza\u00e7\u00e3o<\/strong>. Embora o mercado nacional seja dominado por SUVs, existe uma parcela crescente de consumidores que vivem em apartamentos centrais e sofrem com garagens apertadas. <\/p>\n\n\n\n<p>O iQ preenche essa lacuna como um produto de nicho, focado em quem valoriza o tempo e a praticidade urbana acima do tamanho bruto.<\/p>\n\n\n\n<p>Al\u00e9m disso, a manuten\u00e7\u00e3o da Toyota \u00e9 um dos pontos fortes para a revenda. O valor de mercado dos compactos da marca, como vimos historicamente com o Etios e o Yaris, tende a se manter est\u00e1vel, garantindo que o investimento no <strong>novo iQ<\/strong> seja seguro para o bolso do consumidor.<\/p>\n\n\n\n<p>Para mais detalhes oficiais sobre a engenharia de propuls\u00e3o da marca, voc\u00ea pode consultar o portal global da <a target=\"_blank\" rel=\"noreferrer noopener\" href=\"https:\/\/toyotagazooracing.com\">Toyota Gazoo Racing<\/a> ou verificar as atualiza\u00e7\u00f5es de emiss\u00f5es no site do <a target=\"_blank\" rel=\"noreferrer noopener\" href=\"https:\/\/www.gov.br\/inmetro\">Inmetro<\/a>.<\/p>\n\n\n\n<figure class=\"wp-block-image size-large\"><img data-recalc-dims=\"1\" fetchpriority=\"high\" decoding=\"async\" width=\"960\" height=\"591\" src=\"https:\/\/i0.wp.com\/autoneggocio.com.br\/wp-content\/uploads\/2026\/04\/Design-sem-nome-22-1.jpg?resize=960%2C591&#038;ssl=1\" alt=\"Conhe\u00e7a o Novo Toyota iQ 2026: A Revolu\u00e7\u00e3o da Mobilidade Urbana Inteligente\" class=\"wp-image-2082\" srcset=\"https:\/\/i0.wp.com\/autoneggocio.com.br\/wp-content\/uploads\/2026\/04\/Design-sem-nome-22-1.jpg?resize=1024%2C630&amp;ssl=1 1024w, https:\/\/i0.wp.com\/autoneggocio.com.br\/wp-content\/uploads\/2026\/04\/Design-sem-nome-22-1.jpg?resize=300%2C185&amp;ssl=1 300w, https:\/\/i0.wp.com\/autoneggocio.com.br\/wp-content\/uploads\/2026\/04\/Design-sem-nome-22-1.jpg?resize=768%2C473&amp;ssl=1 768w, https:\/\/i0.wp.com\/autoneggocio.com.br\/wp-content\/uploads\/2026\/04\/Design-sem-nome-22-1.jpg?resize=18%2C12&amp;ssl=1 18w, https:\/\/i0.wp.com\/autoneggocio.com.br\/wp-content\/uploads\/2026\/04\/Design-sem-nome-22-1.jpg?resize=150%2C92&amp;ssl=1 150w, https:\/\/i0.wp.com\/autoneggocio.com.br\/wp-content\/uploads\/2026\/04\/Design-sem-nome-22-1.jpg?w=1300&amp;ssl=1 1300w\" sizes=\"(max-width: 960px) 100vw, 960px\" \/><\/figure>\n\n\n\n<p>Imagine a liberdade de encontrar uma vaga entre duas colunas onde nenhum outro carro caberia, ou a satisfa\u00e7\u00e3o de cruzar a cidade gastando menos do que o valor de um caf\u00e9 em combust\u00edvel. <\/p>\n\n\n\n<p>O <strong>Toyota iQ 2026<\/strong> n\u00e3o \u00e9 apenas um meio de transporte; \u00e9 uma ferramenta de otimiza\u00e7\u00e3o de vida. Ele prova que a sofistica\u00e7\u00e3o n\u00e3o precisa de metros extras de metal, mas sim de solu\u00e7\u00f5es que respeitem o seu espa\u00e7o e o seu tempo.<\/p>\n\n\n\n<p>Se voc\u00ea est\u00e1 cansado de lutar contra o tr\u00e2nsito com um ve\u00edculo que parece maior que as ruas, talvez seja a hora de experimentar a leveza do iq. Este modelo \u00e9 a prova viva de que as melhores fragr\u00e2ncias  e as melhores solu\u00e7\u00f5es de engenharia realmente v\u00eam nos menores frascos. <\/p>\n\n\n\n<p>A mobilidade do futuro chegou, e ela cabe na palma da sua m\u00e3o (ou, pelo menos, em qualquer cantinho da sua garagem).<\/p>\n\n\n\n<h2 class=\"wp-block-heading\">Perguntas Frequentes (FAQ)<\/h2>\n\n\n\n<p><strong>1. O Toyota iQ 2026 cabe mesmo quatro pessoas?<\/strong> Sim, o projeto utiliza uma configura\u00e7\u00e3o <strong>3+1<\/strong>. Isso significa que tr\u00eas adultos conseguem viajar com conforto (um motorista e dois passageiros, sendo um atr\u00e1s do outro no lado direito). O quarto lugar, posicionado atr\u00e1s do motorista, \u00e9 mais indicado para crian\u00e7as ou trajetos muito curtos, devido ao recuo do banco do condutor.<\/p>\n\n\n\n<p><strong>2. Qual \u00e9 a m\u00e9dia de consumo real da vers\u00e3o h\u00edbrida?<\/strong> Em testes de ciclo urbano, o <strong>Toyota iQ Hybrid 2026<\/strong> tem registrado m\u00e9dias impressionantes de at\u00e9 <strong>26,5 km\/l<\/strong>. Esse n\u00famero varia conforme o modo de condu\u00e7\u00e3o, mas a efici\u00eancia do sistema e-CVT da Toyota garante que ele seja um dos carros mais econ\u00f4micos do mundo na atualidade.<\/p>\n\n\n\n<p><strong>3. O carro \u00e9 seguro para pegar estrada e rodovias?<\/strong> Embora seu foco seja 100% urbano, o iQ 2026 conta com <strong>controle de estabilidade<\/strong> e uma estrutura refor\u00e7ada com a\u00e7os de ultra-alta resist\u00eancia. Ele atinge velocidades de rodovia com facilidade, mas vale lembrar que, por ser um carro muito curto, ele \u00e9 mais sens\u00edvel a ventos laterais do que um sed\u00e3 pesado.<\/p>\n\n\n\n<p><strong>4. Onde fica o porta-malas do novo iQ?<\/strong> Com os quatro bancos levantados, o espa\u00e7o para bagagem \u00e9 m\u00ednimo (apenas <strong>32 litros<\/strong>, ideal para uma mochila ou compras pequenas). No entanto, os bancos traseiros s\u00e3o bipartidos e podem ser rebatidos individualmente, criando um assoalho plano que expande a capacidade para mais de <strong>230 litros<\/strong>.<\/p>\n\n\n\n<p><strong>5. Qual a diferen\u00e7a entre o iQ e um subcompacto comum?<\/strong> A grande diferen\u00e7a est\u00e1 no <strong>refinamento tecnol\u00f3gico<\/strong>. Enquanto subcompactos de entrada focam apenas no pre\u00e7o baixo, o iQ 2026 \u00e9 um <strong>carro premium<\/strong>. Ele oferece itens de seguran\u00e7a ativa, acabamento superior e um raio de giro de apenas <strong>3,9 metros<\/strong>, o menor da categoria, permitindo manobras imposs\u00edveis para carros comuns.<\/p>\n\n\n\n<p><strong>6. Quando o modelo chega oficialmente \u00e0s concession\u00e1rias brasileiras?<\/strong> A Toyota Brasil ainda est\u00e1 finalizando o processo de homologa\u00e7\u00e3o para o mercado nacional, com previs\u00e3o de chegada para o <strong>segundo semestre de 2026<\/strong>. As primeiras unidades devem ser focadas na vers\u00e3o h\u00edbrida para aproveitar os incentivos de emiss\u00f5es.<\/p>","protected":false},"excerpt":{"rendered":"<p>O cen\u00e1rio das grandes metr\u00f3poles brasileiras exige, cada vez mais, solu\u00e7\u00f5es que unam efici\u00eancia, economia e, acima de tudo, facilidade de locomo\u00e7\u00e3o. Em um mundo onde as vagas de estacionamento parecem encolher e o pre\u00e7o dos combust\u00edveis flutua constantemente, surge uma proposta que promete mudar a forma como enxergamos os carros de passeio. O Toyota<\/p>","protected":false},"author":1,"featured_media":2081,"comment_status":"open","ping_status":"open","sticky":false,"template":"","format":"standard","meta":{"googlesitekit_rrm_CAowp_uhDA:productID":"","jetpack_post_was_ever_published":false,"_jetpack_newsletter_access":"","_jetpack_dont_email_post_to_subs":false,"_jetpack_newsletter_tier_id":0,"_jetpack_memberships_contains_paywalled_content":false,"_jetpack_memberships_contains_paid_content":false,"footnotes":"","jetpack_publicize_message":"","jetpack_publicize_feature_enabled":true,"jetpack_social_post_already_shared":true,"jetpack_social_options":{"image_generator_settings":{"template":"highway","default_image_id":0,"font":"","enabled":false},"version":2}},"categories":[3],"tags":[515,518,517,516],"class_list":["post-2079","post","type-post","status-publish","format-standard","has-post-thumbnail","hentry","category-diversos","tag-carro-compacto","tag-consumo-hibrido","tag-mobilidade-urbana","tag-toyota-iq-2026"],"yoast_head":"<!-- This site is optimized with the Yoast SEO plugin v27.4 - https:\/\/yoast.com\/product\/yoast-seo-wordpress\/ -->\n<title>Conhe\u00e7a o Novo Toyota iQ 2026: A Revolu\u00e7\u00e3o da Mobilidade<\/title>\n<meta name=\"description\" content=\"Descubra o novo Toyota iQ 2026, o ultracompacto que redefine a mobilidade urbana. Conhe\u00e7a os detalhes do design, o surpreendente consumo\" \/>\n<meta name=\"robots\" content=\"index, follow, max-snippet:-1, max-image-preview:large, max-video-preview:-1\" \/>\n<link rel=\"canonical\" href=\"https:\/\/autoneggocio.com.br\/en\/conheca-o-novo-toyota-iq-2026-a-revolucao-da-mobilidade\/\" \/>\n<meta property=\"og:locale\" content=\"en_US\" \/>\n<meta property=\"og:type\" content=\"article\" \/>\n<meta property=\"og:title\" content=\"Conhe\u00e7a o Novo Toyota iQ 2026: A Revolu\u00e7\u00e3o da Mobilidade\" \/>\n<meta property=\"og:description\" content=\"Descubra o novo Toyota iQ 2026, o ultracompacto que redefine a mobilidade urbana. Conhe\u00e7a os detalhes do design, o surpreendente consumo\" \/>\n<meta property=\"og:url\" content=\"https:\/\/autoneggocio.com.br\/en\/conheca-o-novo-toyota-iq-2026-a-revolucao-da-mobilidade\/\" \/>\n<meta property=\"article:publisher\" content=\"https:\/\/www.facebook.com\/autoneggocio\" \/>\n<meta property=\"article:published_time\" content=\"2026-04-26T21:52:23+00:00\" \/>\n<meta property=\"article:modified_time\" content=\"2026-04-26T21:52:33+00:00\" \/>\n<meta property=\"og:image\" content=\"https:\/\/autoneggocio.com.br\/wp-content\/uploads\/2026\/04\/Design-sem-nome-21.jpg\" \/>\n\t<meta property=\"og:image:width\" content=\"1300\" \/>\n\t<meta property=\"og:image:height\" content=\"800\" \/>\n\t<meta property=\"og:image:type\" content=\"image\/jpeg\" \/>\n<meta name=\"author\" content=\"Emilio Vicente\" \/>\n<meta name=\"twitter:card\" content=\"summary_large_image\" \/>\n<meta name=\"twitter:creator\" content=\"@autoneggocio\" \/>\n<meta name=\"twitter:site\" content=\"@autoneggocio\" \/>\n<meta name=\"twitter:label1\" content=\"Written by\" \/>\n\t<meta name=\"twitter:data1\" content=\"Emilio Vicente\" \/>\n\t<meta name=\"twitter:label2\" content=\"Est. reading time\" \/>\n\t<meta name=\"twitter:data2\" content=\"9 minutes\" \/>\n<script type=\"application\/ld+json\" class=\"yoast-schema-graph\">{\"@context\":\"https:\\\/\\\/schema.org\",\"@graph\":[{\"@type\":\"Article\",\"@id\":\"https:\\\/\\\/autoneggocio.com.br\\\/conheca-o-novo-toyota-iq-2026-a-revolucao-da-mobilidade\\\/#article\",\"isPartOf\":{\"@id\":\"https:\\\/\\\/autoneggocio.com.br\\\/conheca-o-novo-toyota-iq-2026-a-revolucao-da-mobilidade\\\/\"},\"author\":{\"name\":\"Emilio Vicente\",\"@id\":\"https:\\\/\\\/autoneggocio.com.br\\\/#\\\/schema\\\/person\\\/0c1bb8ea92e22f4070dbbee3f3d63773\"},\"headline\":\"Conhe\u00e7a o Novo Toyota iQ 2026: A Revolu\u00e7\u00e3o da Mobilidade Urbana Inteligente\",\"datePublished\":\"2026-04-26T21:52:23+00:00\",\"dateModified\":\"2026-04-26T21:52:33+00:00\",\"mainEntityOfPage\":{\"@id\":\"https:\\\/\\\/autoneggocio.com.br\\\/conheca-o-novo-toyota-iq-2026-a-revolucao-da-mobilidade\\\/\"},\"wordCount\":1599,\"commentCount\":0,\"publisher\":{\"@id\":\"https:\\\/\\\/autoneggocio.com.br\\\/#organization\"},\"image\":{\"@id\":\"https:\\\/\\\/autoneggocio.com.br\\\/conheca-o-novo-toyota-iq-2026-a-revolucao-da-mobilidade\\\/#primaryimage\"},\"thumbnailUrl\":\"https:\\\/\\\/i0.wp.com\\\/autoneggocio.com.br\\\/wp-content\\\/uploads\\\/2026\\\/04\\\/Design-sem-nome-21.jpg?fit=1300%2C800&ssl=1\",\"keywords\":[\"carro compacto\",\"consumo h\u00edbrido\",\"mobilidade urbana\",\"Toyota iQ 2026\"],\"articleSection\":[\"Diversos\"],\"inLanguage\":\"en-US\",\"potentialAction\":[{\"@type\":\"CommentAction\",\"name\":\"Comment\",\"target\":[\"https:\\\/\\\/autoneggocio.com.br\\\/conheca-o-novo-toyota-iq-2026-a-revolucao-da-mobilidade\\\/#respond\"]}]},{\"@type\":\"WebPage\",\"@id\":\"https:\\\/\\\/autoneggocio.com.br\\\/conheca-o-novo-toyota-iq-2026-a-revolucao-da-mobilidade\\\/\",\"url\":\"https:\\\/\\\/autoneggocio.com.br\\\/conheca-o-novo-toyota-iq-2026-a-revolucao-da-mobilidade\\\/\",\"name\":\"Conhe\u00e7a o Novo Toyota iQ 2026: A Revolu\u00e7\u00e3o da Mobilidade\",\"isPartOf\":{\"@id\":\"https:\\\/\\\/autoneggocio.com.br\\\/#website\"},\"primaryImageOfPage\":{\"@id\":\"https:\\\/\\\/autoneggocio.com.br\\\/conheca-o-novo-toyota-iq-2026-a-revolucao-da-mobilidade\\\/#primaryimage\"},\"image\":{\"@id\":\"https:\\\/\\\/autoneggocio.com.br\\\/conheca-o-novo-toyota-iq-2026-a-revolucao-da-mobilidade\\\/#primaryimage\"},\"thumbnailUrl\":\"https:\\\/\\\/i0.wp.com\\\/autoneggocio.com.br\\\/wp-content\\\/uploads\\\/2026\\\/04\\\/Design-sem-nome-21.jpg?fit=1300%2C800&ssl=1\",\"datePublished\":\"2026-04-26T21:52:23+00:00\",\"dateModified\":\"2026-04-26T21:52:33+00:00\",\"description\":\"Descubra o novo Toyota iQ 2026, o ultracompacto que redefine a mobilidade urbana. Conhe\u00e7a os detalhes do design, o surpreendente consumo\",\"breadcrumb\":{\"@id\":\"https:\\\/\\\/autoneggocio.com.br\\\/conheca-o-novo-toyota-iq-2026-a-revolucao-da-mobilidade\\\/#breadcrumb\"},\"inLanguage\":\"en-US\",\"potentialAction\":[{\"@type\":\"ReadAction\",\"target\":[\"https:\\\/\\\/autoneggocio.com.br\\\/conheca-o-novo-toyota-iq-2026-a-revolucao-da-mobilidade\\\/\"]}]},{\"@type\":\"ImageObject\",\"inLanguage\":\"en-US\",\"@id\":\"https:\\\/\\\/autoneggocio.com.br\\\/conheca-o-novo-toyota-iq-2026-a-revolucao-da-mobilidade\\\/#primaryimage\",\"url\":\"https:\\\/\\\/i0.wp.com\\\/autoneggocio.com.br\\\/wp-content\\\/uploads\\\/2026\\\/04\\\/Design-sem-nome-21.jpg?fit=1300%2C800&ssl=1\",\"contentUrl\":\"https:\\\/\\\/i0.wp.com\\\/autoneggocio.com.br\\\/wp-content\\\/uploads\\\/2026\\\/04\\\/Design-sem-nome-21.jpg?fit=1300%2C800&ssl=1\",\"width\":1300,\"height\":800,\"caption\":\"Conhe\u00e7a o Novo Toyota iQ 2026: A Revolu\u00e7\u00e3o da Mobilidade Urbana Inteligente\"},{\"@type\":\"BreadcrumbList\",\"@id\":\"https:\\\/\\\/autoneggocio.com.br\\\/conheca-o-novo-toyota-iq-2026-a-revolucao-da-mobilidade\\\/#breadcrumb\",\"itemListElement\":[{\"@type\":\"ListItem\",\"position\":1,\"name\":\"In\u00edcio\",\"item\":\"https:\\\/\\\/autoneggocio.com.br\\\/\"},{\"@type\":\"ListItem\",\"position\":2,\"name\":\"Conhe\u00e7a o Novo Toyota iQ 2026: A Revolu\u00e7\u00e3o da Mobilidade Urbana Inteligente\"}]},{\"@type\":\"WebSite\",\"@id\":\"https:\\\/\\\/autoneggocio.com.br\\\/#website\",\"url\":\"https:\\\/\\\/autoneggocio.com.br\\\/\",\"name\":\"Autoneggocio\",\"description\":\"\",\"publisher\":{\"@id\":\"https:\\\/\\\/autoneggocio.com.br\\\/#organization\"},\"potentialAction\":[{\"@type\":\"SearchAction\",\"target\":{\"@type\":\"EntryPoint\",\"urlTemplate\":\"https:\\\/\\\/autoneggocio.com.br\\\/?s={search_term_string}\"},\"query-input\":{\"@type\":\"PropertyValueSpecification\",\"valueRequired\":true,\"valueName\":\"search_term_string\"}}],\"inLanguage\":\"en-US\"},{\"@type\":\"Organization\",\"@id\":\"https:\\\/\\\/autoneggocio.com.br\\\/#organization\",\"name\":\"Autoneggocio\",\"url\":\"https:\\\/\\\/autoneggocio.com.br\\\/\",\"logo\":{\"@type\":\"ImageObject\",\"inLanguage\":\"en-US\",\"@id\":\"https:\\\/\\\/autoneggocio.com.br\\\/#\\\/schema\\\/logo\\\/image\\\/\",\"url\":\"https:\\\/\\\/autoneggocio.com.br\\\/wp-content\\\/uploads\\\/2025\\\/06\\\/cropped-AUTONEGGOCIO-13-03-3.png\",\"contentUrl\":\"https:\\\/\\\/autoneggocio.com.br\\\/wp-content\\\/uploads\\\/2025\\\/06\\\/cropped-AUTONEGGOCIO-13-03-3.png\",\"width\":500,\"height\":498,\"caption\":\"Autoneggocio\"},\"image\":{\"@id\":\"https:\\\/\\\/autoneggocio.com.br\\\/#\\\/schema\\\/logo\\\/image\\\/\"},\"sameAs\":[\"https:\\\/\\\/www.facebook.com\\\/autoneggocio\",\"https:\\\/\\\/x.com\\\/autoneggocio\",\"https:\\\/\\\/www.instagram.com\\\/autoneggocio\\\/\"]},{\"@type\":\"Person\",\"@id\":\"https:\\\/\\\/autoneggocio.com.br\\\/#\\\/schema\\\/person\\\/0c1bb8ea92e22f4070dbbee3f3d63773\",\"name\":\"Emilio Vicente\",\"image\":{\"@type\":\"ImageObject\",\"inLanguage\":\"en-US\",\"@id\":\"https:\\\/\\\/secure.gravatar.com\\\/avatar\\\/8bb5538811faed86f0918a0d158ea9a866941020a74128a5dd808470b5ed0fea?s=96&d=mm&r=g\",\"url\":\"https:\\\/\\\/secure.gravatar.com\\\/avatar\\\/8bb5538811faed86f0918a0d158ea9a866941020a74128a5dd808470b5ed0fea?s=96&d=mm&r=g\",\"contentUrl\":\"https:\\\/\\\/secure.gravatar.com\\\/avatar\\\/8bb5538811faed86f0918a0d158ea9a866941020a74128a5dd808470b5ed0fea?s=96&d=mm&r=g\",\"caption\":\"Emilio Vicente\"},\"description\":\"Emilio de Vicente \u00e9 o autor e respons\u00e1vel pelos conte\u00fados do site Autoneggocio, trazendo informa\u00e7\u00f5es atualizadas, an\u00e1lises profundas e artigos relevantes sobre o mundo dos autom\u00f3veis com assuntos relacionados a manuten\u00e7\u00e3o preventiva de carros em geral.\",\"sameAs\":[\"https:\\\/\\\/autoneggocio.com.br\"],\"url\":\"https:\\\/\\\/autoneggocio.com.br\\\/en\\\/author\\\/emilio\\\/\"}]}<\/script>\n<!-- \/ Yoast SEO plugin. -->","yoast_head_json":{"title":"Conhe\u00e7a o Novo Toyota iQ 2026: A Revolu\u00e7\u00e3o da Mobilidade","description":"Descubra o novo Toyota iQ 2026, o ultracompacto que redefine a mobilidade urbana. Conhe\u00e7a os detalhes do design, o surpreendente consumo","robots":{"index":"index","follow":"follow","max-snippet":"max-snippet:-1","max-image-preview":"max-image-preview:large","max-video-preview":"max-video-preview:-1"},"canonical":"https:\/\/autoneggocio.com.br\/en\/conheca-o-novo-toyota-iq-2026-a-revolucao-da-mobilidade\/","og_locale":"en_US","og_type":"article","og_title":"Conhe\u00e7a o Novo Toyota iQ 2026: A Revolu\u00e7\u00e3o da Mobilidade","og_description":"Descubra o novo Toyota iQ 2026, o ultracompacto que redefine a mobilidade urbana. Conhe\u00e7a os detalhes do design, o surpreendente consumo","og_url":"https:\/\/autoneggocio.com.br\/en\/conheca-o-novo-toyota-iq-2026-a-revolucao-da-mobilidade\/","article_publisher":"https:\/\/www.facebook.com\/autoneggocio","article_published_time":"2026-04-26T21:52:23+00:00","article_modified_time":"2026-04-26T21:52:33+00:00","og_image":[{"width":1300,"height":800,"url":"https:\/\/autoneggocio.com.br\/wp-content\/uploads\/2026\/04\/Design-sem-nome-21.jpg","type":"image\/jpeg"}],"author":"Emilio Vicente","twitter_card":"summary_large_image","twitter_creator":"@autoneggocio","twitter_site":"@autoneggocio","twitter_misc":{"Written by":"Emilio Vicente","Est. reading time":"9 minutes"},"schema":{"@context":"https:\/\/schema.org","@graph":[{"@type":"Article","@id":"https:\/\/autoneggocio.com.br\/conheca-o-novo-toyota-iq-2026-a-revolucao-da-mobilidade\/#article","isPartOf":{"@id":"https:\/\/autoneggocio.com.br\/conheca-o-novo-toyota-iq-2026-a-revolucao-da-mobilidade\/"},"author":{"name":"Emilio Vicente","@id":"https:\/\/autoneggocio.com.br\/#\/schema\/person\/0c1bb8ea92e22f4070dbbee3f3d63773"},"headline":"Conhe\u00e7a o Novo Toyota iQ 2026: A Revolu\u00e7\u00e3o da Mobilidade Urbana Inteligente","datePublished":"2026-04-26T21:52:23+00:00","dateModified":"2026-04-26T21:52:33+00:00","mainEntityOfPage":{"@id":"https:\/\/autoneggocio.com.br\/conheca-o-novo-toyota-iq-2026-a-revolucao-da-mobilidade\/"},"wordCount":1599,"commentCount":0,"publisher":{"@id":"https:\/\/autoneggocio.com.br\/#organization"},"image":{"@id":"https:\/\/autoneggocio.com.br\/conheca-o-novo-toyota-iq-2026-a-revolucao-da-mobilidade\/#primaryimage"},"thumbnailUrl":"https:\/\/i0.wp.com\/autoneggocio.com.br\/wp-content\/uploads\/2026\/04\/Design-sem-nome-21.jpg?fit=1300%2C800&ssl=1","keywords":["carro compacto","consumo h\u00edbrido","mobilidade urbana","Toyota iQ 2026"],"articleSection":["Diversos"],"inLanguage":"en-US","potentialAction":[{"@type":"CommentAction","name":"Comment","target":["https:\/\/autoneggocio.com.br\/conheca-o-novo-toyota-iq-2026-a-revolucao-da-mobilidade\/#respond"]}]},{"@type":"WebPage","@id":"https:\/\/autoneggocio.com.br\/conheca-o-novo-toyota-iq-2026-a-revolucao-da-mobilidade\/","url":"https:\/\/autoneggocio.com.br\/conheca-o-novo-toyota-iq-2026-a-revolucao-da-mobilidade\/","name":"Conhe\u00e7a o Novo Toyota iQ 2026: A Revolu\u00e7\u00e3o da Mobilidade","isPartOf":{"@id":"https:\/\/autoneggocio.com.br\/#website"},"primaryImageOfPage":{"@id":"https:\/\/autoneggocio.com.br\/conheca-o-novo-toyota-iq-2026-a-revolucao-da-mobilidade\/#primaryimage"},"image":{"@id":"https:\/\/autoneggocio.com.br\/conheca-o-novo-toyota-iq-2026-a-revolucao-da-mobilidade\/#primaryimage"},"thumbnailUrl":"https:\/\/i0.wp.com\/autoneggocio.com.br\/wp-content\/uploads\/2026\/04\/Design-sem-nome-21.jpg?fit=1300%2C800&ssl=1","datePublished":"2026-04-26T21:52:23+00:00","dateModified":"2026-04-26T21:52:33+00:00","description":"Descubra o novo Toyota iQ 2026, o ultracompacto que redefine a mobilidade urbana. Conhe\u00e7a os detalhes do design, o surpreendente consumo","breadcrumb":{"@id":"https:\/\/autoneggocio.com.br\/conheca-o-novo-toyota-iq-2026-a-revolucao-da-mobilidade\/#breadcrumb"},"inLanguage":"en-US","potentialAction":[{"@type":"ReadAction","target":["https:\/\/autoneggocio.com.br\/conheca-o-novo-toyota-iq-2026-a-revolucao-da-mobilidade\/"]}]},{"@type":"ImageObject","inLanguage":"en-US","@id":"https:\/\/autoneggocio.com.br\/conheca-o-novo-toyota-iq-2026-a-revolucao-da-mobilidade\/#primaryimage","url":"https:\/\/i0.wp.com\/autoneggocio.com.br\/wp-content\/uploads\/2026\/04\/Design-sem-nome-21.jpg?fit=1300%2C800&ssl=1","contentUrl":"https:\/\/i0.wp.com\/autoneggocio.com.br\/wp-content\/uploads\/2026\/04\/Design-sem-nome-21.jpg?fit=1300%2C800&ssl=1","width":1300,"height":800,"caption":"Conhe\u00e7a o Novo Toyota iQ 2026: A Revolu\u00e7\u00e3o da Mobilidade Urbana Inteligente"},{"@type":"BreadcrumbList","@id":"https:\/\/autoneggocio.com.br\/conheca-o-novo-toyota-iq-2026-a-revolucao-da-mobilidade\/#breadcrumb","itemListElement":[{"@type":"ListItem","position":1,"name":"In\u00edcio","item":"https:\/\/autoneggocio.com.br\/"},{"@type":"ListItem","position":2,"name":"Conhe\u00e7a o Novo Toyota iQ 2026: A Revolu\u00e7\u00e3o da Mobilidade Urbana Inteligente"}]},{"@type":"WebSite","@id":"https:\/\/autoneggocio.com.br\/#website","url":"https:\/\/autoneggocio.com.br\/","name":"Autoneggocio","description":"","publisher":{"@id":"https:\/\/autoneggocio.com.br\/#organization"},"potentialAction":[{"@type":"SearchAction","target":{"@type":"EntryPoint","urlTemplate":"https:\/\/autoneggocio.com.br\/?s={search_term_string}"},"query-input":{"@type":"PropertyValueSpecification","valueRequired":true,"valueName":"search_term_string"}}],"inLanguage":"en-US"},{"@type":"Organization","@id":"https:\/\/autoneggocio.com.br\/#organization","name":"Autoneggocio","url":"https:\/\/autoneggocio.com.br\/","logo":{"@type":"ImageObject","inLanguage":"en-US","@id":"https:\/\/autoneggocio.com.br\/#\/schema\/logo\/image\/","url":"https:\/\/autoneggocio.com.br\/wp-content\/uploads\/2025\/06\/cropped-AUTONEGGOCIO-13-03-3.png","contentUrl":"https:\/\/autoneggocio.com.br\/wp-content\/uploads\/2025\/06\/cropped-AUTONEGGOCIO-13-03-3.png","width":500,"height":498,"caption":"Autoneggocio"},"image":{"@id":"https:\/\/autoneggocio.com.br\/#\/schema\/logo\/image\/"},"sameAs":["https:\/\/www.facebook.com\/autoneggocio","https:\/\/x.com\/autoneggocio","https:\/\/www.instagram.com\/autoneggocio\/"]},{"@type":"Person","@id":"https:\/\/autoneggocio.com.br\/#\/schema\/person\/0c1bb8ea92e22f4070dbbee3f3d63773","name":"Emilio Vicente","image":{"@type":"ImageObject","inLanguage":"en-US","@id":"https:\/\/secure.gravatar.com\/avatar\/8bb5538811faed86f0918a0d158ea9a866941020a74128a5dd808470b5ed0fea?s=96&d=mm&r=g","url":"https:\/\/secure.gravatar.com\/avatar\/8bb5538811faed86f0918a0d158ea9a866941020a74128a5dd808470b5ed0fea?s=96&d=mm&r=g","contentUrl":"https:\/\/secure.gravatar.com\/avatar\/8bb5538811faed86f0918a0d158ea9a866941020a74128a5dd808470b5ed0fea?s=96&d=mm&r=g","caption":"Emilio Vicente"},"description":"Emilio de Vicente \u00e9 o autor e respons\u00e1vel pelos conte\u00fados do site Autoneggocio, trazendo informa\u00e7\u00f5es atualizadas, an\u00e1lises profundas e artigos relevantes sobre o mundo dos autom\u00f3veis com assuntos relacionados a manuten\u00e7\u00e3o preventiva de carros em geral.","sameAs":["https:\/\/autoneggocio.com.br"],"url":"https:\/\/autoneggocio.com.br\/en\/author\/emilio\/"}]}},"jetpack_publicize_connections":[],"jetpack_featured_media_url":"https:\/\/i0.wp.com\/autoneggocio.com.br\/wp-content\/uploads\/2026\/04\/Design-sem-nome-21.jpg?fit=1300%2C800&ssl=1","jetpack_sharing_enabled":true,"jetpack_likes_enabled":true,"jetpack-related-posts":[{"id":1337,"url":"https:\/\/autoneggocio.com.br\/en\/paralisacao-da-toyota-como-a-suspensao-da-producao\/","url_meta":{"origin":2079,"position":0},"title":"Paralisa\u00e7\u00e3o da Toyota: como a suspens\u00e3o da produ\u00e7\u00e3o pode impactar o mercado de carros no Brasil at\u00e9 2026 \ud83d\ude98\ud83c\udde7\ud83c\uddf7","author":"Emilio Vicente","date":"27 de September de 2025","format":false,"excerpt":"A ind\u00fastria automotiva brasileira vive um momento inesperado e delicado. A Toyota, uma das montadoras mais respeitadas e s\u00f3lidas do mundo, teve sua produ\u00e7\u00e3o paralisada no Brasil ap\u00f3s um forte temporal destruir parte da f\u00e1brica de motores em Porto Feliz (SP), no dia 22 de setembro de 2025. A trag\u00e9dia\u2026","rel":"","context":"In &quot;Diversos&quot;","block_context":{"text":"Diversos","link":"https:\/\/autoneggocio.com.br\/en\/category\/diversos\/"},"img":{"alt_text":"Paralisa\u00e7\u00e3o da Toyota: como a suspens\u00e3o da produ\u00e7\u00e3o pode impactar o mercado de carros no Brasil at\u00e9 2026","src":"https:\/\/i0.wp.com\/autoneggocio.com.br\/wp-content\/uploads\/2025\/09\/Inserir-um-titulo-1-4.jpg?fit=1200%2C738&ssl=1&resize=350%2C200","width":350,"height":200,"srcset":"https:\/\/i0.wp.com\/autoneggocio.com.br\/wp-content\/uploads\/2025\/09\/Inserir-um-titulo-1-4.jpg?fit=1200%2C738&ssl=1&resize=350%2C200 1x, https:\/\/i0.wp.com\/autoneggocio.com.br\/wp-content\/uploads\/2025\/09\/Inserir-um-titulo-1-4.jpg?fit=1200%2C738&ssl=1&resize=525%2C300 1.5x, https:\/\/i0.wp.com\/autoneggocio.com.br\/wp-content\/uploads\/2025\/09\/Inserir-um-titulo-1-4.jpg?fit=1200%2C738&ssl=1&resize=700%2C400 2x, https:\/\/i0.wp.com\/autoneggocio.com.br\/wp-content\/uploads\/2025\/09\/Inserir-um-titulo-1-4.jpg?fit=1200%2C738&ssl=1&resize=1050%2C600 3x"},"classes":[]},{"id":1611,"url":"https:\/\/autoneggocio.com.br\/en\/desaceleracao-do-mercado-automotivo-chines\/","url_meta":{"origin":2079,"position":1},"title":"A desacelera\u00e7\u00e3o do mercado automotivo chin\u00eas e seus impactos diretos sobre Toyota e Honda","author":"Emilio Vicente","date":"28 de December de 2025","format":false,"excerpt":"Durante d\u00e9cadas, a China foi o grande motor de crescimento da ind\u00fastria automotiva mundial. Com volumes expressivos de vendas, incentivos governamentais e uma classe m\u00e9dia em expans\u00e3o, o pa\u00eds tornou-se essencial para o desempenho financeiro das maiores montadoras globais. No entanto, nos \u00faltimos anos, esse cen\u00e1rio passou por mudan\u00e7as significativas.\u2026","rel":"","context":"In &quot;Diversos&quot;","block_context":{"text":"Diversos","link":"https:\/\/autoneggocio.com.br\/en\/category\/diversos\/"},"img":{"alt_text":"A desacelera\u00e7\u00e3o do mercado automotivo chin\u00eas e seus impactos diretos sobre Toyota e Honda","src":"https:\/\/i0.wp.com\/autoneggocio.com.br\/wp-content\/uploads\/2025\/12\/Inserir-um-titulo-4.jpg?fit=1200%2C738&ssl=1&resize=350%2C200","width":350,"height":200,"srcset":"https:\/\/i0.wp.com\/autoneggocio.com.br\/wp-content\/uploads\/2025\/12\/Inserir-um-titulo-4.jpg?fit=1200%2C738&ssl=1&resize=350%2C200 1x, https:\/\/i0.wp.com\/autoneggocio.com.br\/wp-content\/uploads\/2025\/12\/Inserir-um-titulo-4.jpg?fit=1200%2C738&ssl=1&resize=525%2C300 1.5x, https:\/\/i0.wp.com\/autoneggocio.com.br\/wp-content\/uploads\/2025\/12\/Inserir-um-titulo-4.jpg?fit=1200%2C738&ssl=1&resize=700%2C400 2x, https:\/\/i0.wp.com\/autoneggocio.com.br\/wp-content\/uploads\/2025\/12\/Inserir-um-titulo-4.jpg?fit=1200%2C738&ssl=1&resize=1050%2C600 3x"},"classes":[]},{"id":1935,"url":"https:\/\/autoneggocio.com.br\/en\/os-5-melhores-suvs-do-momento-e-seus-diferenciais-em-2026\/","url_meta":{"origin":2079,"position":2},"title":"Os 5 Melhores SUVs do Momento e Seus Diferenciais em 2026","author":"Emilio Vicente","date":"21 de March de 2026","format":false,"excerpt":"O mercado automotivo brasileiro atingiu um novo patamar de maturidade. Se antes a d\u00favida do consumidor era entre um sedan e um utilit\u00e1rio, hoje a pergunta \u00e9: qual tecnologia de SUV melhor se adapta ao meu estilo de vida? Em 2026, presenciamos a consolida\u00e7\u00e3o dos motores h\u00edbridos, a democratiza\u00e7\u00e3o da\u2026","rel":"","context":"In &quot;Diversos&quot;","block_context":{"text":"Diversos","link":"https:\/\/autoneggocio.com.br\/en\/category\/diversos\/"},"img":{"alt_text":"Honda HR-V","src":"https:\/\/i0.wp.com\/autoneggocio.com.br\/wp-content\/uploads\/2026\/03\/Design-sem-nome-34-1.jpg?fit=1200%2C738&ssl=1&resize=350%2C200","width":350,"height":200,"srcset":"https:\/\/i0.wp.com\/autoneggocio.com.br\/wp-content\/uploads\/2026\/03\/Design-sem-nome-34-1.jpg?fit=1200%2C738&ssl=1&resize=350%2C200 1x, https:\/\/i0.wp.com\/autoneggocio.com.br\/wp-content\/uploads\/2026\/03\/Design-sem-nome-34-1.jpg?fit=1200%2C738&ssl=1&resize=525%2C300 1.5x, https:\/\/i0.wp.com\/autoneggocio.com.br\/wp-content\/uploads\/2026\/03\/Design-sem-nome-34-1.jpg?fit=1200%2C738&ssl=1&resize=700%2C400 2x, https:\/\/i0.wp.com\/autoneggocio.com.br\/wp-content\/uploads\/2026\/03\/Design-sem-nome-34-1.jpg?fit=1200%2C738&ssl=1&resize=1050%2C600 3x"},"classes":[]},{"id":1883,"url":"https:\/\/autoneggocio.com.br\/en\/os-7-carros-com-melhor-valor-de-revenda-e-menor-custo\/","url_meta":{"origin":2079,"position":3},"title":"Os 7 Carros com Melhor Valor de Revenda e Menor Custo de Manuten\u00e7\u00e3o em 2026","author":"Emilio Vicente","date":"15 de March de 2026","format":false,"excerpt":"O mercado automotivo brasileiro em\u00a02026\u00a0consolidou uma mudan\u00e7a de paradigma: o carro deixou de ser apenas um meio de transporte para se tornar um ativo financeiro estrat\u00e9gico. Com a volatilidade dos pre\u00e7os dos 0km e a estabiliza\u00e7\u00e3o dos seminovos, o consumidor inteligente aprendeu que a economia real n\u00e3o acontece na hora\u2026","rel":"","context":"In &quot;Diversos&quot;","block_context":{"text":"Diversos","link":"https:\/\/autoneggocio.com.br\/en\/category\/diversos\/"},"img":{"alt_text":"Os 7 Carros com Melhor Valor de Revenda e Menor Custo de Manuten\u00e7\u00e3o em 2026","src":"https:\/\/i0.wp.com\/autoneggocio.com.br\/wp-content\/uploads\/2026\/03\/Design-sem-nome-15.jpg?fit=1200%2C738&ssl=1&resize=350%2C200","width":350,"height":200,"srcset":"https:\/\/i0.wp.com\/autoneggocio.com.br\/wp-content\/uploads\/2026\/03\/Design-sem-nome-15.jpg?fit=1200%2C738&ssl=1&resize=350%2C200 1x, https:\/\/i0.wp.com\/autoneggocio.com.br\/wp-content\/uploads\/2026\/03\/Design-sem-nome-15.jpg?fit=1200%2C738&ssl=1&resize=525%2C300 1.5x, https:\/\/i0.wp.com\/autoneggocio.com.br\/wp-content\/uploads\/2026\/03\/Design-sem-nome-15.jpg?fit=1200%2C738&ssl=1&resize=700%2C400 2x, https:\/\/i0.wp.com\/autoneggocio.com.br\/wp-content\/uploads\/2026\/03\/Design-sem-nome-15.jpg?fit=1200%2C738&ssl=1&resize=1050%2C600 3x"},"classes":[]},{"id":1598,"url":"https:\/\/autoneggocio.com.br\/en\/quais-sao-os-5-melhores-carros-hibridos-atualmente-no-brasil\/","url_meta":{"origin":2079,"position":4},"title":"Quais s\u00e3o os 5 melhores carros h\u00edbridos atualmente no Brasil?","author":"Emilio Vicente","date":"14 de December de 2025","format":false,"excerpt":"A busca por ve\u00edculos mais econ\u00f4micos, eficientes e alinhados \u00e0s exig\u00eancias ambientais fez com que os carros h\u00edbridos deixassem de ser tend\u00eancia futura para se tornarem realidade no mercado brasileiro. Atualmente, j\u00e1 existem modelos bem estabelecidos, com tecnologia confi\u00e1vel, bom desempenho e custos de manuten\u00e7\u00e3o mais previs\u00edveis do que muitos\u2026","rel":"","context":"In &quot;El\u00e9tricos&quot;","block_context":{"text":"El\u00e9tricos","link":"https:\/\/autoneggocio.com.br\/en\/category\/eletricos\/"},"img":{"alt_text":"Quais s\u00e3o os 5 melhores carros h\u00edbridos atualmente no Brasil?","src":"https:\/\/i0.wp.com\/autoneggocio.com.br\/wp-content\/uploads\/2025\/12\/Inserir-um-titulo-1-1.jpg?fit=1200%2C738&ssl=1&resize=350%2C200","width":350,"height":200,"srcset":"https:\/\/i0.wp.com\/autoneggocio.com.br\/wp-content\/uploads\/2025\/12\/Inserir-um-titulo-1-1.jpg?fit=1200%2C738&ssl=1&resize=350%2C200 1x, https:\/\/i0.wp.com\/autoneggocio.com.br\/wp-content\/uploads\/2025\/12\/Inserir-um-titulo-1-1.jpg?fit=1200%2C738&ssl=1&resize=525%2C300 1.5x, https:\/\/i0.wp.com\/autoneggocio.com.br\/wp-content\/uploads\/2025\/12\/Inserir-um-titulo-1-1.jpg?fit=1200%2C738&ssl=1&resize=700%2C400 2x, https:\/\/i0.wp.com\/autoneggocio.com.br\/wp-content\/uploads\/2025\/12\/Inserir-um-titulo-1-1.jpg?fit=1200%2C738&ssl=1&resize=1050%2C600 3x"},"classes":[]},{"id":2001,"url":"https:\/\/autoneggocio.com.br\/en\/o-novo-cenario-dos-suvs-no-brasil-em-2026\/","url_meta":{"origin":2079,"position":5},"title":"O Novo Cen\u00e1rio dos SUVs no Brasil em 2026","author":"Emilio Vicente","date":"28 de March de 2026","format":false,"excerpt":"O ranking deste ano reflete uma mudan\u00e7a dr\u00e1stica: a sa\u00edda gradual do diesel puro para uso urbano e a ascens\u00e3o definitiva dos sistemas h\u00edbridos leves (MHEV) e plug-in (PHEV). Al\u00e9m disso, a chegada de novos players nacionais, como o Uni-T da Caoa Changan, for\u00e7ou as marcas tradicionais a revisarem seus\u2026","rel":"","context":"In &quot;Diversos&quot;","block_context":{"text":"Diversos","link":"https:\/\/autoneggocio.com.br\/en\/category\/diversos\/"},"img":{"alt_text":"O Novo Cen\u00e1rio dos SUVs no Brasil em 2026","src":"https:\/\/i0.wp.com\/autoneggocio.com.br\/wp-content\/uploads\/2026\/03\/Design-sem-nome-74.jpg?fit=1200%2C738&ssl=1&resize=350%2C200","width":350,"height":200,"srcset":"https:\/\/i0.wp.com\/autoneggocio.com.br\/wp-content\/uploads\/2026\/03\/Design-sem-nome-74.jpg?fit=1200%2C738&ssl=1&resize=350%2C200 1x, https:\/\/i0.wp.com\/autoneggocio.com.br\/wp-content\/uploads\/2026\/03\/Design-sem-nome-74.jpg?fit=1200%2C738&ssl=1&resize=525%2C300 1.5x, https:\/\/i0.wp.com\/autoneggocio.com.br\/wp-content\/uploads\/2026\/03\/Design-sem-nome-74.jpg?fit=1200%2C738&ssl=1&resize=700%2C400 2x, https:\/\/i0.wp.com\/autoneggocio.com.br\/wp-content\/uploads\/2026\/03\/Design-sem-nome-74.jpg?fit=1200%2C738&ssl=1&resize=1050%2C600 3x"},"classes":[]}],"amp_enabled":true,"_links":{"self":[{"href":"https:\/\/autoneggocio.com.br\/en\/wp-json\/wp\/v2\/posts\/2079","targetHints":{"allow":["GET"]}}],"collection":[{"href":"https:\/\/autoneggocio.com.br\/en\/wp-json\/wp\/v2\/posts"}],"about":[{"href":"https:\/\/autoneggocio.com.br\/en\/wp-json\/wp\/v2\/types\/post"}],"author":[{"embeddable":true,"href":"https:\/\/autoneggocio.com.br\/en\/wp-json\/wp\/v2\/users\/1"}],"replies":[{"embeddable":true,"href":"https:\/\/autoneggocio.com.br\/en\/wp-json\/wp\/v2\/comments?post=2079"}],"version-history":[{"count":1,"href":"https:\/\/autoneggocio.com.br\/en\/wp-json\/wp\/v2\/posts\/2079\/revisions"}],"predecessor-version":[{"id":2083,"href":"https:\/\/autoneggocio.com.br\/en\/wp-json\/wp\/v2\/posts\/2079\/revisions\/2083"}],"wp:featuredmedia":[{"embeddable":true,"href":"https:\/\/autoneggocio.com.br\/en\/wp-json\/wp\/v2\/media\/2081"}],"wp:attachment":[{"href":"https:\/\/autoneggocio.com.br\/en\/wp-json\/wp\/v2\/media?parent=2079"}],"wp:term":[{"taxonomy":"category","embeddable":true,"href":"https:\/\/autoneggocio.com.br\/en\/wp-json\/wp\/v2\/categories?post=2079"},{"taxonomy":"post_tag","embeddable":true,"href":"https:\/\/autoneggocio.com.br\/en\/wp-json\/wp\/v2\/tags?post=2079"}],"curies":[{"name":"wp","href":"https:\/\/api.w.org\/{rel}","templated":true}]}}