{"id":2075,"date":"2026-04-26T07:19:48","date_gmt":"2026-04-26T10:19:48","guid":{"rendered":"https:\/\/autoneggocio.com.br\/?p=2075"},"modified":"2026-04-26T07:19:59","modified_gmt":"2026-04-26T10:19:59","slug":"qual-a-protecao-veicular-mais-confiavel","status":"publish","type":"post","link":"https:\/\/autoneggocio.com.br\/en\/qual-a-protecao-veicular-mais-confiavel\/","title":{"rendered":"Qual a prote\u00e7\u00e3o veicular mais confi\u00e1vel?"},"content":{"rendered":"<p>Escolher a melhor forma de proteger o seu patrim\u00f4nio \u00e9 uma decis\u00e3o que vai al\u00e9m do pre\u00e7o mensal. <\/p>\n\n\n\n<p>No cen\u00e1rio automotivo atual, a d\u00favida entre contratar um seguro tradicional ou aderir a uma <strong>prote\u00e7\u00e3o veicular<\/strong> \u00e9 constante. <\/p>\n\n\n\n<p>Enquanto as seguradoras s\u00e3o regidas pela <a href=\"https:\/\/www.gov.br\/susep\/pt-br\" type=\"link\" id=\"https:\/\/www.gov.br\/susep\/pt-br\" target=\"_blank\" rel=\"noreferrer noopener\">SUSEP<\/a>, as associa\u00e7\u00f5es de prote\u00e7\u00e3o veicular operam sob o modelo de <strong>mutualismo<\/strong>, onde os custos de sinistros s\u00e3o divididos entre os s\u00f3cios.<\/p>\n\n\n\n<p>Mas como identificar qual a prote\u00e7\u00e3o veicular mais confi\u00e1vel em um mercado t\u00e3o vasto? <\/p>\n\n\n\n<p>Para garantir que voc\u00ea n\u00e3o seja pego de surpresa no momento em que mais precisar, \u00e9 necess\u00e1rio analisar crit\u00e9rios t\u00e9cnicos, a sa\u00fade financeira da institui\u00e7\u00e3o e a reputa\u00e7\u00e3o hist\u00f3rica da marca.<\/p>\n\n\n\n<h2 class=\"wp-block-heading\">O que define uma Prote\u00e7\u00e3o Veicular de Confian\u00e7a?<\/h2>\n\n\n\n<p>Diferente do seguro, a prote\u00e7\u00e3o veicular \u00e9 gerida por <strong>associa\u00e7\u00f5es sem fins lucrativos<\/strong>. A confiabilidade aqui n\u00e3o vem de uma ap\u00f3lice estatal, mas sim da transpar\u00eancia na gest\u00e3o do fundo reserva e da agilidade no atendimento. <\/p>\n\n\n\n<p>Uma entidade confi\u00e1vel deve possuir um corpo jur\u00eddico s\u00f3lido e parcerias com oficinas de renome.<\/p>\n\n\n\n<p>Os principais pilares de uma associa\u00e7\u00e3o segura s\u00e3o:<\/p>\n\n\n\n<ol start=\"1\" class=\"wp-block-list\">\n<li><strong>Tempo de mercado:<\/strong> Associa\u00e7\u00f5es com mais de 10 anos tendem a ter processos mais maduros.<\/li>\n\n\n\n<li><strong>Transpar\u00eancia no Rateio:<\/strong> O associado deve saber exatamente por que est\u00e1 pagando aquele valor extra no m\u00eas.<\/li>\n\n\n\n<li><strong>Rede de Assist\u00eancia 24h:<\/strong> A qualidade do guincho e do socorro mec\u00e2nico \u00e9 o cart\u00e3o de visitas da empresa.<\/li>\n<\/ol>\n\n\n\n<h2 class=\"wp-block-heading\">As Maiores e Mais Bem Avaliadas do Brasil<\/h2>\n\n\n\n<p>Embora a &#8220;melhor&#8221; dependa da sua regi\u00e3o e do perfil do seu ve\u00edculo, algumas institui\u00e7\u00f5es se destacam nacionalmente pelo volume de associados e baixos \u00edndices de reclama\u00e7\u00e3o.<\/p>\n\n\n\n<h3 class=\"wp-block-heading\">1. APVS (Associa\u00e7\u00e3o de Prote\u00e7\u00e3o Veicular e Servi\u00e7os)<\/h3>\n\n\n\n<p>A <strong>APVS<\/strong> \u00e9 frequentemente citada como uma das maiores da Am\u00e9rica Latina. Com uma estrutura robusta, ela se destaca pela capilaridade, oferecendo atendimento em quase todo o territ\u00f3rio nacional. O foco em <strong>indeniza\u00e7\u00e3o integral<\/strong> e a rapidez no pagamento de sinistros de furto e roubo s\u00e3o seus pontos fortes.<\/p>\n\n\n\n<h3 class=\"wp-block-heading\">2. Auto Truck<\/h3>\n\n\n\n<p>Muito forte na regi\u00e3o sudeste, a <strong><a href=\"https:\/\/autotruck.org.br\/cotacao?utm_source=google&amp;utm_medium=rpesq&amp;utm_campaign=bhz&amp;utm_content=&amp;gad_source=1&amp;gad_campaignid=6679676602&amp;gbraid=0AAAAAC86uxWgVR_fFDcoholcF-l-LE4Sr&amp;gclid=Cj0KCQjw77bPBhC_ARIsAGAjjV-SPPMVvdwhVYkIO9HhL3dI_shu_tTdNNOkRQSqJ3JNUpuwPovJ-SAaAir9EALw_wcB\" type=\"link\" id=\"https:\/\/autotruck.org.br\/cotacao?utm_source=google&amp;utm_medium=rpesq&amp;utm_campaign=bhz&amp;utm_content=&amp;gad_source=1&amp;gad_campaignid=6679676602&amp;gbraid=0AAAAAC86uxWgVR_fFDcoholcF-l-LE4Sr&amp;gclid=Cj0KCQjw77bPBhC_ARIsAGAjjV-SPPMVvdwhVYkIO9HhL3dI_shu_tTdNNOkRQSqJ3JNUpuwPovJ-SAaAir9EALw_wcB\" target=\"_blank\" rel=\"noreferrer noopener\">Auto Truck<\/a><\/strong> investe pesado em tecnologia e experi\u00eancia do usu\u00e1rio. Ela \u00e9 reconhecida pela transpar\u00eancia nos contratos e por oferecer benef\u00edcios extras, como descontos em farm\u00e1cias e consultas m\u00e9dicas, o que agrega valor para al\u00e9m da prote\u00e7\u00e3o do carro.<\/p>\n\n\n\n<h3 class=\"wp-block-heading\">3. PROAUTO<\/h3>\n\n\n\n<p>A <strong><a href=\"https:\/\/proauto.org.br\/br\" type=\"link\" id=\"https:\/\/proauto.org.br\/br\" target=\"_blank\" rel=\"noreferrer noopener\">PROAUTO<\/a><\/strong> possui certifica\u00e7\u00f5es de qualidade e um hist\u00f3rico de bom relacionamento com o cliente. \u00c9 uma escolha s\u00f3lida para quem busca um equil\u00edbrio entre custo-benef\u00edcio e uma rede credenciada de oficinas de alta qualidade.<\/p>\n\n\n\n<figure class=\"wp-block-embed is-type-video is-provider-youtube wp-block-embed-youtube wp-embed-aspect-16-9 wp-has-aspect-ratio\"><div class=\"wp-block-embed__wrapper\">\n<iframe title=\"\u201cProte\u00e7\u00e3o Veicular\u201d legalizada: motorista corre menos riscos! | CNN Auto com Boris Feldman\" width=\"960\" height=\"540\" src=\"https:\/\/www.youtube.com\/embed\/JuQrH3CMI5U?feature=oembed\" frameborder=\"0\" allow=\"accelerometer; autoplay; clipboard-write; encrypted-media; gyroscope; picture-in-picture; web-share\" referrerpolicy=\"strict-origin-when-cross-origin\" allowfullscreen><\/iframe>\n<\/div><\/figure>\n\n\n\n<h2 class=\"wp-block-heading\">Crit\u00e9rios para Avaliar a Credibilidade de uma Associa\u00e7\u00e3o<\/h2>\n\n\n\n<p>Para n\u00e3o cair em ciladas, voc\u00ea deve realizar um &#8220;check-up&#8221; na associa\u00e7\u00e3o antes de assinar o contrato. Utilize as ferramentas digitais a seu favor:<\/p>\n\n\n\n<ul class=\"wp-block-list\">\n<li><strong>Reclame Aqui:<\/strong> N\u00e3o olhe apenas a nota, mas o <strong>\u00cdndice de Solu\u00e7\u00e3o<\/strong>. Problemas acontecem, o que define a confian\u00e7a \u00e9 como a empresa os resolve.<\/li>\n\n\n\n<li><strong>CNPJ Ativo:<\/strong> Verifique se a associa\u00e7\u00e3o possui um CNPJ regular e se o endere\u00e7o f\u00edsico realmente existe.<\/li>\n\n\n\n<li><strong>Estatuto Social:<\/strong> Pe\u00e7a para ler o estatuto. Uma associa\u00e7\u00e3o confi\u00e1vel entrega o documento sem hesita\u00e7\u00e3o, detalhando as regras do <strong>rateio<\/strong> e os prazos de car\u00eancia.<\/li>\n<\/ul>\n\n\n\n<h2 class=\"wp-block-heading\">Passo a Passo para Contratar sem Medo<\/h2>\n\n\n\n<p>Se voc\u00ea decidiu que a prote\u00e7\u00e3o veicular \u00e9 o melhor caminho para o seu bolso, siga este roteiro t\u00e9cnico para garantir a escolha certa:<\/p>\n\n\n\n<ol start=\"1\" class=\"wp-block-list\">\n<li><strong>Solicite 3 Or\u00e7amentos:<\/strong> Nunca feche com a primeira. Compare as taxas de ades\u00e3o e as mensalidades fixas.<\/li>\n\n\n\n<li><strong>Analise as Coberturas:<\/strong> Verifique se itens como <strong>fen\u00f4menos da natureza<\/strong> (enchente, queda de \u00e1rvore) e <strong>danos a terceiros<\/strong> est\u00e3o inclusos. Algumas associa\u00e7\u00f5es cobram isso como &#8220;opcionais&#8221;.<\/li>\n\n\n\n<li><strong>Cheque as Oficinas:<\/strong> Pergunte quais oficinas na sua cidade s\u00e3o credenciadas. Se forem nomes conhecidos e de confian\u00e7a, \u00e9 um \u00f3timo sinal.<\/li>\n\n\n\n<li><strong>Leia as Entrelinhas do Rateio:<\/strong> Entenda qual o limite m\u00e1ximo que o rateio pode atingir. Algumas associa\u00e7\u00f5es estipulam um teto para evitar surpresas na fatura.<\/li>\n\n\n\n<li><strong>Verifique o Fundo de Reserva:<\/strong> Questione sobre a exist\u00eancia de um fundo para casos de grandes cat\u00e1strofes. Isso garante que a associa\u00e7\u00e3o n\u00e3o quebrar\u00e1 se muitos carros forem sinistrados ao mesmo tempo.<\/li>\n<\/ol>\n\n\n\n<h2 class=\"wp-block-heading\">Seguro Auto vs. Prote\u00e7\u00e3o Veicular: Qual escolher?<\/h2>\n\n\n\n<p>A escolha depende diretamente do seu perfil de risco e or\u00e7amento. <\/p>\n\n\n\n<p>O <strong>Seguro Auto<\/strong> \u00e9 um contrato de transfer\u00eancia de risco para uma empresa privada. J\u00e1 a <strong>Prote\u00e7\u00e3o Veicular<\/strong> \u00e9 um contrato de responsabilidade m\u00fatua.<\/p>\n\n\n\n<figure class=\"wp-block-table\"><table class=\"has-fixed-layout\"><thead><tr><td class=\"has-text-align-center\" data-align=\"center\"><strong>Caracter\u00edstica<\/strong><\/td><td class=\"has-text-align-center\" data-align=\"center\"><strong>Seguro Tradicional<\/strong><\/td><td class=\"has-text-align-center\" data-align=\"center\"><strong>Prote\u00e7\u00e3o Veicular<\/strong><\/td><\/tr><\/thead><tbody><tr><td class=\"has-text-align-center\" data-align=\"center\"><strong>Regulamenta\u00e7\u00e3o<\/strong><\/td><td class=\"has-text-align-center\" data-align=\"center\">SUSEP<\/td><td class=\"has-text-align-center\" data-align=\"center\">C\u00f3digo Civil \/ AAAPV<\/td><\/tr><tr><td class=\"has-text-align-center\" data-align=\"center\"><strong>An\u00e1lise de Perfil<\/strong><\/td><td class=\"has-text-align-center\" data-align=\"center\">Rigorosa (Idade, CEP, Uso)<\/td><td class=\"has-text-align-center\" data-align=\"center\">Simplificada (Foco no Ve\u00edculo)<\/td><\/tr><tr><td class=\"has-text-align-center\" data-align=\"center\"><strong>Custo<\/strong><\/td><td class=\"has-text-align-center\" data-align=\"center\">Geralmente mais alto<\/td><td class=\"has-text-align-center\" data-align=\"center\">Mais acess\u00edvel e fracionado<\/td><\/tr><tr><td class=\"has-text-align-center\" data-align=\"center\"><strong>Pagamento<\/strong><\/td><td class=\"has-text-align-center\" data-align=\"center\">Pr\u00eamio fixo<\/td><td class=\"has-text-align-center\" data-align=\"center\">Mensalidade + Rateio<\/td><\/tr><\/tbody><\/table><\/figure>\n\n\n\n<p>Para propriet\u00e1rios de ve\u00edculos mais antigos, motoristas de aplicativo ou jovens com perfil de seguro muito caro, a prote\u00e7\u00e3o veicular costuma ser a op\u00e7\u00e3o mais vi\u00e1vel e inteligente.<\/p>\n\n\n\n<p>Para planejar o seu or\u00e7amento com precis\u00e3o, \u00e9 fundamental compreender que a <strong><a href=\"https:\/\/autoneggocio.com.br\/en\/tag\/qual-e-a-diferenca-entre-a-protecao-veicular-e-seguro\/\" type=\"post_tag\" id=\"30\" target=\"_blank\" rel=\"noreferrer noopener\">prote\u00e7\u00e3o veicular<\/a><\/strong> n\u00e3o utiliza uma tabela de pre\u00e7os fixa como um produto de prateleira. <\/p>\n\n\n\n<p>O custo \u00e9 din\u00e2mico, baseado no valor do teu bem (Tabela Fipe) e nos custos operacionais da associa\u00e7\u00e3o.<\/p>\n\n\n\n<p>Em 2026, o mercado de prote\u00e7\u00e3o autom\u00f3vel consolidou-se com valores que variam geralmente entre <strong>1,5% a 3,5% do valor do ve\u00edculo ao ano<\/strong>, divididos em mensalidades. Abaixo, apresento uma estimativa baseada nas m\u00e9dias praticadas pelas maiores associa\u00e7\u00f5es do mercado.<\/p>\n\n\n\n<h3 class=\"wp-block-heading\">Estimativa de Custos por Faixa de Valor (Tabela Fipe)<\/h3>\n\n\n\n<p>Estes valores s\u00e3o uma refer\u00eancia m\u00e9dia para ve\u00edculos de passeio com cobertura completa (Roubo, Furto, Colis\u00e3o, Inc\u00eandio e Assist\u00eancia 24h).<\/p>\n\n\n\n<figure class=\"wp-block-table\"><table class=\"has-fixed-layout\"><thead><tr><td class=\"has-text-align-center\" data-align=\"center\"><strong>Valor do Ve\u00edculo (Fipe)<\/strong><\/td><td class=\"has-text-align-center\" data-align=\"center\"><strong>Mensalidade Estimada<\/strong><\/td><td class=\"has-text-align-center\" data-align=\"center\"><strong>Taxa de Ades\u00e3o (M\u00e9dia)<\/strong><\/td><\/tr><\/thead><tbody><tr><td class=\"has-text-align-center\" data-align=\"center\">At\u00e9 R$ 30.000<\/td><td class=\"has-text-align-center\" data-align=\"center\">R$ 90,00 \u2013 R$ 130,00<\/td><td class=\"has-text-align-center\" data-align=\"center\">R$ 150,00 \u2013 R$ 250,00<\/td><\/tr><tr><td class=\"has-text-align-center\" data-align=\"center\">R$ 30.001 \u2013 R$ 50.000<\/td><td class=\"has-text-align-center\" data-align=\"center\">R$ 130,00 \u2013 R$ 180,00<\/td><td class=\"has-text-align-center\" data-align=\"center\">R$ 200,00 \u2013 R$ 300,00<\/td><\/tr><tr><td class=\"has-text-align-center\" data-align=\"center\">R$ 50.001 \u2013 R$ 80.000<\/td><td class=\"has-text-align-center\" data-align=\"center\">R$ 180,00 \u2013 R$ 260,00<\/td><td class=\"has-text-align-center\" data-align=\"center\">R$ 300,00 \u2013 R$ 450,00<\/td><\/tr><tr><td class=\"has-text-align-center\" data-align=\"center\">R$ 80.001 \u2013 R$ 120.000<\/td><td class=\"has-text-align-center\" data-align=\"center\">R$ 260,00 \u2013 R$ 380,00<\/td><td class=\"has-text-align-center\" data-align=\"center\">R$ 400,00 \u2013 R$ 600,00<\/td><\/tr><tr><td class=\"has-text-align-center\" data-align=\"center\">Acima de R$ 120.000<\/td><td class=\"has-text-align-center\" data-align=\"center\">0,3% a 0,4% do valor<\/td><td class=\"has-text-align-center\" data-align=\"center\">Sob consulta<\/td><\/tr><\/tbody><\/table><\/figure>\n\n\n\n<h3 class=\"wp-block-heading\">Fatores que Alteram o Valor Final<\/h3>\n\n\n\n<p>Diferente do seguro tradicional, a prote\u00e7\u00e3o veicular <strong>n\u00e3o costuma avaliar o perfil do condutor<\/strong> (idade ou tempo de carta), mas existem vari\u00e1veis que podem encarecer a tua mensalidade:<\/p>\n\n\n\n<ol start=\"1\" class=\"wp-block-list\">\n<li><strong>Cotas de Rateio:<\/strong> Como o modelo \u00e9 mutualista, se houver um m\u00eas com muitos acidentes entre os s\u00f3cios, pode haver uma pequena varia\u00e7\u00e3o para cobrir esses custos extras.<\/li>\n\n\n\n<li><strong>Uso Profissional:<\/strong> Ve\u00edculos utilizados para TVDE (Uber\/99) ou entregas costumam ter uma taxa adicional que varia entre <strong>15% a 30%<\/strong> sobre a mensalidade base.<\/li>\n\n\n\n<li><strong>Servi\u00e7os Adicionais:<\/strong> Vidros, retrovisores, carro reserva por 15 ou 30 dias, e aumento da quilometragem do guincho (ex: de 200km para 1000km) s\u00e3o cobrados \u00e0 parte.<\/li>\n\n\n\n<li><strong>Danos a Terceiros:<\/strong> A cobertura para terceiros (RCF) geralmente tem um valor fixo mensal (ex: R$ 30,00 a R$ 50,00) para garantir prote\u00e7\u00f5es de R$ 30 mil a R$ 100 mil.<\/li>\n<\/ol>\n\n\n\n<h3 class=\"wp-block-heading\">Como Calcular o Teu Custo Real<\/h3>\n\n\n\n<p>Para obteres o valor exato, deves considerar a soma de tr\u00eas elementos:<\/p>\n\n\n\n<ul class=\"wp-block-list\">\n<li><strong>Ades\u00e3o:<\/strong> Valor pago apenas uma vez no momento da inspe\u00e7\u00e3o\/vistoria.<\/li>\n\n\n\n<li><strong>Mensalidade Fixa:<\/strong> O valor base referente ao grupo em que o teu carro se enquadra na Tabela Fipe.<\/li>\n\n\n\n<li><strong>Taxa de Administra\u00e7\u00e3o + Fundo de Reserva:<\/strong> Geralmente j\u00e1 inclu\u00eddos na mensalidade informada pela associa\u00e7\u00e3o.<\/li>\n<\/ul>\n\n\n\n<p>Ao comparares as op\u00e7\u00f5es, lembra-te que o mais barato pode sair caro se a assist\u00eancia 24h n\u00e3o for eficiente ou se a rede de oficinas for limitada. O equil\u00edbrio ideal est\u00e1 em encontrar uma mensalidade que caiba no teu bolso sem abdicar de uma <strong>indeniza\u00e7\u00e3o de 100% da Tabela Fipe<\/strong>.<\/p>\n\n\n\n<figure class=\"wp-block-image size-large\"><img data-recalc-dims=\"1\" fetchpriority=\"high\" decoding=\"async\" width=\"960\" height=\"591\" src=\"https:\/\/i0.wp.com\/autoneggocio.com.br\/wp-content\/uploads\/2026\/04\/Design-sem-nome-15.jpg?resize=960%2C591&#038;ssl=1\" alt=\"Qual a prote\u00e7\u00e3o veicular mais confi\u00e1vel?\" class=\"wp-image-2077\" srcset=\"https:\/\/i0.wp.com\/autoneggocio.com.br\/wp-content\/uploads\/2026\/04\/Design-sem-nome-15.jpg?resize=1024%2C630&amp;ssl=1 1024w, https:\/\/i0.wp.com\/autoneggocio.com.br\/wp-content\/uploads\/2026\/04\/Design-sem-nome-15.jpg?resize=300%2C185&amp;ssl=1 300w, https:\/\/i0.wp.com\/autoneggocio.com.br\/wp-content\/uploads\/2026\/04\/Design-sem-nome-15.jpg?resize=768%2C473&amp;ssl=1 768w, https:\/\/i0.wp.com\/autoneggocio.com.br\/wp-content\/uploads\/2026\/04\/Design-sem-nome-15.jpg?resize=18%2C12&amp;ssl=1 18w, https:\/\/i0.wp.com\/autoneggocio.com.br\/wp-content\/uploads\/2026\/04\/Design-sem-nome-15.jpg?resize=150%2C92&amp;ssl=1 150w, https:\/\/i0.wp.com\/autoneggocio.com.br\/wp-content\/uploads\/2026\/04\/Design-sem-nome-15.jpg?w=1300&amp;ssl=1 1300w\" sizes=\"(max-width: 960px) 100vw, 960px\" \/><\/figure>\n\n\n\n<h2 class=\"wp-block-heading\">Protegendo seu Patrim\u00f4nio com Intelig\u00eancia<\/h2>\n\n\n\n<p>A prote\u00e7\u00e3o veicular deixou de ser uma alternativa secund\u00e1ria para se tornar a solu\u00e7\u00e3o principal de milh\u00f5es de brasileiros. A confiabilidade n\u00e3o est\u00e1 ligada apenas ao tamanho da logo, mas \u00e0 seriedade com que a associa\u00e7\u00e3o trata o dinheiro do associado.<\/p>\n\n\n\n<p>Ao optar por marcas consolidadas como <strong>APVS<\/strong>, <strong>Auto Truck<\/strong> ou <strong>PROAUTO<\/strong>, e seguir o rigoroso processo de verifica\u00e7\u00e3o de documentos e reputa\u00e7\u00e3o que discutimos, voc\u00ea garante que sua \u00fanica preocupa\u00e7\u00e3o ao volante seja o tr\u00e2nsito.<\/p>\n\n\n\n<p>O seu carro representa o seu esfor\u00e7o, as suas conquistas e a sua liberdade. N\u00e3o deixe essa seguran\u00e7a nas m\u00e3os de qualquer um. <\/p>\n\n\n\n<p>Fa\u00e7a as perguntas certas, exija transpar\u00eancia e escolha uma parceira que entenda que, por tr\u00e1s de um chassi, existe uma fam\u00edlia que depende daquela mobilidade. <\/p>\n\n\n\n<p>Proteja-se hoje para dirigir tranquilo amanh\u00e3, sabendo que, se o inesperado acontecer, voc\u00ea ter\u00e1 o suporte necess\u00e1rio para seguir em frente sem preju\u00edzos financeiros.<\/p>\n\n\n\n<h3 class=\"wp-block-heading\">Perguntas Frequentes sobre Prote\u00e7\u00e3o Veicular (Faq)<\/h3>\n\n\n\n<h4 class=\"wp-block-heading\">1. A prote\u00e7\u00e3o veicular \u00e9 legalizada no Brasil?<\/h4>\n\n\n\n<p>Sim. A atividade \u00e9 amparada pela <strong>Constitui\u00e7\u00e3o Federal<\/strong> (Artigo 5\u00ba, incisos XVII e XVIII) e pelo <strong>C\u00f3digo Civil<\/strong>, que permitem a livre associa\u00e7\u00e3o de cidad\u00e3os. Embora n\u00e3o sejam reguladas pela SUSEP (que fiscaliza seguradoras), elas operam legalmente como entidades de autogest\u00e3o.<\/p>\n\n\n\n<h4 class=\"wp-block-heading\">2. Qual a diferen\u00e7a entre franquia e cota de participa\u00e7\u00e3o?<\/h4>\n\n\n\n<p>Na pr\u00e1tica, ambas servem para a mesma finalidade: o valor que o dono do carro paga em caso de colis\u00e3o. No seguro, chama-se <strong>franquia<\/strong>. Na prote\u00e7\u00e3o veicular, o termo t\u00e9cnico \u00e9 <strong>Cota de Participa\u00e7\u00e3o<\/strong>. Geralmente, esse valor \u00e9 fixo ou um percentual sobre o valor do ve\u00edculo (ex: 4% ou 6% da Tabela Fipe).<\/p>\n\n\n\n<h4 class=\"wp-block-heading\">3. Motorista de aplicativo pode contratar prote\u00e7\u00e3o veicular?<\/h4>\n\n\n\n<p>Sim, inclusive este \u00e9 um dos p\u00fablicos que mais utiliza o servi\u00e7o. Por n\u00e3o fazerem an\u00e1lise de perfil rigorosa, as associa\u00e7\u00f5es costumam aceitar ve\u00edculos de <strong>Uber, 99 e entregadores<\/strong> com valores muito mais competitivos que as seguradoras tradicionais, exigindo apenas uma taxa adicional na mensalidade.<\/p>\n\n\n\n<h4 class=\"wp-block-heading\">4. O que \u00e9 o sistema de rateio?<\/h4>\n\n\n\n<p>O <strong>rateio<\/strong> \u00e9 a divis\u00e3o dos preju\u00edzos ocorridos no m\u00eas entre todos os associados. Se em um m\u00eas houve muitos acidentes, o valor da mensalidade pode sofrer uma pequena varia\u00e7\u00e3o para cima. Se houve poucos, o valor se mant\u00e9m ou diminui. Associa\u00e7\u00f5es maiores tendem a ter um rateio mais est\u00e1vel.<\/p>\n\n\n\n<h4 class=\"wp-block-heading\">5. Como funciona a indeniza\u00e7\u00e3o em caso de roubo ou furto?<\/h4>\n\n\n\n<p>Caso o ve\u00edculo n\u00e3o seja recuperado, a associa\u00e7\u00e3o paga o valor referente \u00e0 <strong>Tabela Fipe<\/strong> do modelo. O prazo para o pagamento varia de acordo com o estatuto de cada associa\u00e7\u00e3o, mas a m\u00e9dia de mercado \u00e9 de <strong>30 a 90 dias<\/strong> ap\u00f3s a entrega de toda a documenta\u00e7\u00e3o necess\u00e1ria.<\/p>\n\n\n\n<h4 class=\"wp-block-heading\">6. Preciso ter o nome limpo para aderir?<\/h4>\n\n\n\n<p>Geralmente <strong>n\u00e3o<\/strong>. Uma das grandes vantagens das associa\u00e7\u00f5es \u00e9 a desburocratiza\u00e7\u00e3o. Como o foco \u00e9 a prote\u00e7\u00e3o do bem e o sistema \u00e9 de ajuda m\u00fatua, a maioria das institui\u00e7\u00f5es n\u00e3o faz consulta ao <strong>SPC ou Serasa<\/strong> para a ades\u00e3o do novo s\u00f3cio.<\/p>\n\n\n\n<h4 class=\"wp-block-heading\">7. A prote\u00e7\u00e3o veicular cobre fen\u00f4menos da natureza?<\/h4>\n\n\n\n<p>Depende do contrato. A maioria das grandes associa\u00e7\u00f5es j\u00e1 inclui prote\u00e7\u00e3o contra <strong>enchente, queda de \u00e1rvores e chuva de granizo<\/strong> em seus planos b\u00e1sicos, mas \u00e9 fundamental confirmar se essa cl\u00e1usula est\u00e1 ativa no seu termo de ades\u00e3o.<\/p>","protected":false},"excerpt":{"rendered":"<p>Escolher a melhor forma de proteger o seu patrim\u00f4nio \u00e9 uma decis\u00e3o que vai al\u00e9m do pre\u00e7o mensal. No cen\u00e1rio automotivo atual, a d\u00favida entre contratar um seguro tradicional ou aderir a uma prote\u00e7\u00e3o veicular \u00e9 constante. Enquanto as seguradoras s\u00e3o regidas pela SUSEP, as associa\u00e7\u00f5es de prote\u00e7\u00e3o veicular operam sob o modelo de mutualismo,<\/p>","protected":false},"author":1,"featured_media":2076,"comment_status":"open","ping_status":"open","sticky":false,"template":"","format":"standard","meta":{"googlesitekit_rrm_CAowp_uhDA:productID":"","jetpack_post_was_ever_published":false,"_jetpack_newsletter_access":"","_jetpack_dont_email_post_to_subs":false,"_jetpack_newsletter_tier_id":0,"_jetpack_memberships_contains_paywalled_content":false,"_jetpack_memberships_contains_paid_content":false,"footnotes":"","jetpack_publicize_message":"","jetpack_publicize_feature_enabled":true,"jetpack_social_post_already_shared":true,"jetpack_social_options":{"image_generator_settings":{"template":"highway","default_image_id":0,"font":"","enabled":false},"version":2}},"categories":[3],"tags":[512,511,510,513],"class_list":["post-2075","post","type-post","status-publish","format-standard","has-post-thumbnail","hentry","category-diversos","tag-melhor-protecao-veicular-2026","tag-protecao-veicular-mais-confiavel","tag-seguro-auto-ou-protecao-veicular","tag-tabela-de-precos-protecao-veicular"],"yoast_head":"<!-- This site is optimized with the Yoast SEO plugin v27.4 - https:\/\/yoast.com\/product\/yoast-seo-wordpress\/ -->\n<title>Qual a prote\u00e7\u00e3o veicular mais confi\u00e1vel?<\/title>\n<meta name=\"description\" content=\"Procurando a prote\u00e7\u00e3o veicular mais confi\u00e1vel? Analisamos as melhores associa\u00e7\u00f5es de 2026, custos da Tabela Fipe, reputa\u00e7\u00e3o no Reclame Aqui\" \/>\n<meta name=\"robots\" content=\"index, follow, max-snippet:-1, max-image-preview:large, max-video-preview:-1\" \/>\n<link rel=\"canonical\" href=\"https:\/\/autoneggocio.com.br\/en\/qual-a-protecao-veicular-mais-confiavel\/\" \/>\n<meta property=\"og:locale\" content=\"en_US\" \/>\n<meta property=\"og:type\" content=\"article\" \/>\n<meta property=\"og:title\" content=\"Qual a prote\u00e7\u00e3o veicular mais confi\u00e1vel?\" \/>\n<meta property=\"og:description\" content=\"Procurando a prote\u00e7\u00e3o veicular mais confi\u00e1vel? Analisamos as melhores associa\u00e7\u00f5es de 2026, custos da Tabela Fipe, reputa\u00e7\u00e3o no Reclame Aqui\" \/>\n<meta property=\"og:url\" content=\"https:\/\/autoneggocio.com.br\/en\/qual-a-protecao-veicular-mais-confiavel\/\" \/>\n<meta property=\"article:publisher\" content=\"https:\/\/www.facebook.com\/autoneggocio\" \/>\n<meta property=\"article:published_time\" content=\"2026-04-26T10:19:48+00:00\" \/>\n<meta property=\"article:modified_time\" content=\"2026-04-26T10:19:59+00:00\" \/>\n<meta property=\"og:image\" content=\"https:\/\/autoneggocio.com.br\/wp-content\/uploads\/2026\/04\/Design-sem-nome-16-1.jpg\" \/>\n\t<meta property=\"og:image:width\" content=\"1300\" \/>\n\t<meta property=\"og:image:height\" content=\"800\" \/>\n\t<meta property=\"og:image:type\" content=\"image\/jpeg\" \/>\n<meta name=\"author\" content=\"Emilio Vicente\" \/>\n<meta name=\"twitter:card\" content=\"summary_large_image\" \/>\n<meta name=\"twitter:creator\" content=\"@autoneggocio\" \/>\n<meta name=\"twitter:site\" content=\"@autoneggocio\" \/>\n<meta name=\"twitter:label1\" content=\"Written by\" \/>\n\t<meta name=\"twitter:data1\" content=\"Emilio Vicente\" \/>\n\t<meta name=\"twitter:label2\" content=\"Est. reading time\" \/>\n\t<meta name=\"twitter:data2\" content=\"10 minutes\" \/>\n<script type=\"application\/ld+json\" class=\"yoast-schema-graph\">{\"@context\":\"https:\\\/\\\/schema.org\",\"@graph\":[{\"@type\":\"Article\",\"@id\":\"https:\\\/\\\/autoneggocio.com.br\\\/qual-a-protecao-veicular-mais-confiavel\\\/#article\",\"isPartOf\":{\"@id\":\"https:\\\/\\\/autoneggocio.com.br\\\/qual-a-protecao-veicular-mais-confiavel\\\/\"},\"author\":{\"name\":\"Emilio Vicente\",\"@id\":\"https:\\\/\\\/autoneggocio.com.br\\\/#\\\/schema\\\/person\\\/0c1bb8ea92e22f4070dbbee3f3d63773\"},\"headline\":\"Qual a prote\u00e7\u00e3o veicular mais confi\u00e1vel?\",\"datePublished\":\"2026-04-26T10:19:48+00:00\",\"dateModified\":\"2026-04-26T10:19:59+00:00\",\"mainEntityOfPage\":{\"@id\":\"https:\\\/\\\/autoneggocio.com.br\\\/qual-a-protecao-veicular-mais-confiavel\\\/\"},\"wordCount\":1912,\"commentCount\":0,\"publisher\":{\"@id\":\"https:\\\/\\\/autoneggocio.com.br\\\/#organization\"},\"image\":{\"@id\":\"https:\\\/\\\/autoneggocio.com.br\\\/qual-a-protecao-veicular-mais-confiavel\\\/#primaryimage\"},\"thumbnailUrl\":\"https:\\\/\\\/i0.wp.com\\\/autoneggocio.com.br\\\/wp-content\\\/uploads\\\/2026\\\/04\\\/Design-sem-nome-16-1.jpg?fit=1300%2C800&ssl=1\",\"keywords\":[\"melhor prote\u00e7\u00e3o veicular 2026\",\"prote\u00e7\u00e3o veicular mais confi\u00e1vel\",\"seguro auto ou prote\u00e7\u00e3o veicular\",\"tabela de pre\u00e7os prote\u00e7\u00e3o veicular\"],\"articleSection\":[\"Diversos\"],\"inLanguage\":\"en-US\",\"potentialAction\":[{\"@type\":\"CommentAction\",\"name\":\"Comment\",\"target\":[\"https:\\\/\\\/autoneggocio.com.br\\\/qual-a-protecao-veicular-mais-confiavel\\\/#respond\"]}]},{\"@type\":\"WebPage\",\"@id\":\"https:\\\/\\\/autoneggocio.com.br\\\/qual-a-protecao-veicular-mais-confiavel\\\/\",\"url\":\"https:\\\/\\\/autoneggocio.com.br\\\/qual-a-protecao-veicular-mais-confiavel\\\/\",\"name\":\"Qual a prote\u00e7\u00e3o veicular mais confi\u00e1vel?\",\"isPartOf\":{\"@id\":\"https:\\\/\\\/autoneggocio.com.br\\\/#website\"},\"primaryImageOfPage\":{\"@id\":\"https:\\\/\\\/autoneggocio.com.br\\\/qual-a-protecao-veicular-mais-confiavel\\\/#primaryimage\"},\"image\":{\"@id\":\"https:\\\/\\\/autoneggocio.com.br\\\/qual-a-protecao-veicular-mais-confiavel\\\/#primaryimage\"},\"thumbnailUrl\":\"https:\\\/\\\/i0.wp.com\\\/autoneggocio.com.br\\\/wp-content\\\/uploads\\\/2026\\\/04\\\/Design-sem-nome-16-1.jpg?fit=1300%2C800&ssl=1\",\"datePublished\":\"2026-04-26T10:19:48+00:00\",\"dateModified\":\"2026-04-26T10:19:59+00:00\",\"description\":\"Procurando a prote\u00e7\u00e3o veicular mais confi\u00e1vel? Analisamos as melhores associa\u00e7\u00f5es de 2026, custos da Tabela Fipe, reputa\u00e7\u00e3o no Reclame Aqui\",\"breadcrumb\":{\"@id\":\"https:\\\/\\\/autoneggocio.com.br\\\/qual-a-protecao-veicular-mais-confiavel\\\/#breadcrumb\"},\"inLanguage\":\"en-US\",\"potentialAction\":[{\"@type\":\"ReadAction\",\"target\":[\"https:\\\/\\\/autoneggocio.com.br\\\/qual-a-protecao-veicular-mais-confiavel\\\/\"]}]},{\"@type\":\"ImageObject\",\"inLanguage\":\"en-US\",\"@id\":\"https:\\\/\\\/autoneggocio.com.br\\\/qual-a-protecao-veicular-mais-confiavel\\\/#primaryimage\",\"url\":\"https:\\\/\\\/i0.wp.com\\\/autoneggocio.com.br\\\/wp-content\\\/uploads\\\/2026\\\/04\\\/Design-sem-nome-16-1.jpg?fit=1300%2C800&ssl=1\",\"contentUrl\":\"https:\\\/\\\/i0.wp.com\\\/autoneggocio.com.br\\\/wp-content\\\/uploads\\\/2026\\\/04\\\/Design-sem-nome-16-1.jpg?fit=1300%2C800&ssl=1\",\"width\":1300,\"height\":800,\"caption\":\"Qual a prote\u00e7\u00e3o veicular mais confi\u00e1vel?\"},{\"@type\":\"BreadcrumbList\",\"@id\":\"https:\\\/\\\/autoneggocio.com.br\\\/qual-a-protecao-veicular-mais-confiavel\\\/#breadcrumb\",\"itemListElement\":[{\"@type\":\"ListItem\",\"position\":1,\"name\":\"In\u00edcio\",\"item\":\"https:\\\/\\\/autoneggocio.com.br\\\/\"},{\"@type\":\"ListItem\",\"position\":2,\"name\":\"Qual a prote\u00e7\u00e3o veicular mais confi\u00e1vel?\"}]},{\"@type\":\"WebSite\",\"@id\":\"https:\\\/\\\/autoneggocio.com.br\\\/#website\",\"url\":\"https:\\\/\\\/autoneggocio.com.br\\\/\",\"name\":\"Autoneggocio\",\"description\":\"\",\"publisher\":{\"@id\":\"https:\\\/\\\/autoneggocio.com.br\\\/#organization\"},\"potentialAction\":[{\"@type\":\"SearchAction\",\"target\":{\"@type\":\"EntryPoint\",\"urlTemplate\":\"https:\\\/\\\/autoneggocio.com.br\\\/?s={search_term_string}\"},\"query-input\":{\"@type\":\"PropertyValueSpecification\",\"valueRequired\":true,\"valueName\":\"search_term_string\"}}],\"inLanguage\":\"en-US\"},{\"@type\":\"Organization\",\"@id\":\"https:\\\/\\\/autoneggocio.com.br\\\/#organization\",\"name\":\"Autoneggocio\",\"url\":\"https:\\\/\\\/autoneggocio.com.br\\\/\",\"logo\":{\"@type\":\"ImageObject\",\"inLanguage\":\"en-US\",\"@id\":\"https:\\\/\\\/autoneggocio.com.br\\\/#\\\/schema\\\/logo\\\/image\\\/\",\"url\":\"https:\\\/\\\/autoneggocio.com.br\\\/wp-content\\\/uploads\\\/2025\\\/06\\\/cropped-AUTONEGGOCIO-13-03-3.png\",\"contentUrl\":\"https:\\\/\\\/autoneggocio.com.br\\\/wp-content\\\/uploads\\\/2025\\\/06\\\/cropped-AUTONEGGOCIO-13-03-3.png\",\"width\":500,\"height\":498,\"caption\":\"Autoneggocio\"},\"image\":{\"@id\":\"https:\\\/\\\/autoneggocio.com.br\\\/#\\\/schema\\\/logo\\\/image\\\/\"},\"sameAs\":[\"https:\\\/\\\/www.facebook.com\\\/autoneggocio\",\"https:\\\/\\\/x.com\\\/autoneggocio\",\"https:\\\/\\\/www.instagram.com\\\/autoneggocio\\\/\"]},{\"@type\":\"Person\",\"@id\":\"https:\\\/\\\/autoneggocio.com.br\\\/#\\\/schema\\\/person\\\/0c1bb8ea92e22f4070dbbee3f3d63773\",\"name\":\"Emilio Vicente\",\"image\":{\"@type\":\"ImageObject\",\"inLanguage\":\"en-US\",\"@id\":\"https:\\\/\\\/secure.gravatar.com\\\/avatar\\\/8bb5538811faed86f0918a0d158ea9a866941020a74128a5dd808470b5ed0fea?s=96&d=mm&r=g\",\"url\":\"https:\\\/\\\/secure.gravatar.com\\\/avatar\\\/8bb5538811faed86f0918a0d158ea9a866941020a74128a5dd808470b5ed0fea?s=96&d=mm&r=g\",\"contentUrl\":\"https:\\\/\\\/secure.gravatar.com\\\/avatar\\\/8bb5538811faed86f0918a0d158ea9a866941020a74128a5dd808470b5ed0fea?s=96&d=mm&r=g\",\"caption\":\"Emilio Vicente\"},\"description\":\"Emilio de Vicente \u00e9 o autor e respons\u00e1vel pelos conte\u00fados do site Autoneggocio, trazendo informa\u00e7\u00f5es atualizadas, an\u00e1lises profundas e artigos relevantes sobre o mundo dos autom\u00f3veis com assuntos relacionados a manuten\u00e7\u00e3o preventiva de carros em geral.\",\"sameAs\":[\"https:\\\/\\\/autoneggocio.com.br\"],\"url\":\"https:\\\/\\\/autoneggocio.com.br\\\/en\\\/author\\\/emilio\\\/\"}]}<\/script>\n<!-- \/ Yoast SEO plugin. -->","yoast_head_json":{"title":"Qual a prote\u00e7\u00e3o veicular mais confi\u00e1vel?","description":"Procurando a prote\u00e7\u00e3o veicular mais confi\u00e1vel? Analisamos as melhores associa\u00e7\u00f5es de 2026, custos da Tabela Fipe, reputa\u00e7\u00e3o no Reclame Aqui","robots":{"index":"index","follow":"follow","max-snippet":"max-snippet:-1","max-image-preview":"max-image-preview:large","max-video-preview":"max-video-preview:-1"},"canonical":"https:\/\/autoneggocio.com.br\/en\/qual-a-protecao-veicular-mais-confiavel\/","og_locale":"en_US","og_type":"article","og_title":"Qual a prote\u00e7\u00e3o veicular mais confi\u00e1vel?","og_description":"Procurando a prote\u00e7\u00e3o veicular mais confi\u00e1vel? Analisamos as melhores associa\u00e7\u00f5es de 2026, custos da Tabela Fipe, reputa\u00e7\u00e3o no Reclame Aqui","og_url":"https:\/\/autoneggocio.com.br\/en\/qual-a-protecao-veicular-mais-confiavel\/","article_publisher":"https:\/\/www.facebook.com\/autoneggocio","article_published_time":"2026-04-26T10:19:48+00:00","article_modified_time":"2026-04-26T10:19:59+00:00","og_image":[{"width":1300,"height":800,"url":"https:\/\/autoneggocio.com.br\/wp-content\/uploads\/2026\/04\/Design-sem-nome-16-1.jpg","type":"image\/jpeg"}],"author":"Emilio Vicente","twitter_card":"summary_large_image","twitter_creator":"@autoneggocio","twitter_site":"@autoneggocio","twitter_misc":{"Written by":"Emilio Vicente","Est. reading time":"10 minutes"},"schema":{"@context":"https:\/\/schema.org","@graph":[{"@type":"Article","@id":"https:\/\/autoneggocio.com.br\/qual-a-protecao-veicular-mais-confiavel\/#article","isPartOf":{"@id":"https:\/\/autoneggocio.com.br\/qual-a-protecao-veicular-mais-confiavel\/"},"author":{"name":"Emilio Vicente","@id":"https:\/\/autoneggocio.com.br\/#\/schema\/person\/0c1bb8ea92e22f4070dbbee3f3d63773"},"headline":"Qual a prote\u00e7\u00e3o veicular mais confi\u00e1vel?","datePublished":"2026-04-26T10:19:48+00:00","dateModified":"2026-04-26T10:19:59+00:00","mainEntityOfPage":{"@id":"https:\/\/autoneggocio.com.br\/qual-a-protecao-veicular-mais-confiavel\/"},"wordCount":1912,"commentCount":0,"publisher":{"@id":"https:\/\/autoneggocio.com.br\/#organization"},"image":{"@id":"https:\/\/autoneggocio.com.br\/qual-a-protecao-veicular-mais-confiavel\/#primaryimage"},"thumbnailUrl":"https:\/\/i0.wp.com\/autoneggocio.com.br\/wp-content\/uploads\/2026\/04\/Design-sem-nome-16-1.jpg?fit=1300%2C800&ssl=1","keywords":["melhor prote\u00e7\u00e3o veicular 2026","prote\u00e7\u00e3o veicular mais confi\u00e1vel","seguro auto ou prote\u00e7\u00e3o veicular","tabela de pre\u00e7os prote\u00e7\u00e3o veicular"],"articleSection":["Diversos"],"inLanguage":"en-US","potentialAction":[{"@type":"CommentAction","name":"Comment","target":["https:\/\/autoneggocio.com.br\/qual-a-protecao-veicular-mais-confiavel\/#respond"]}]},{"@type":"WebPage","@id":"https:\/\/autoneggocio.com.br\/qual-a-protecao-veicular-mais-confiavel\/","url":"https:\/\/autoneggocio.com.br\/qual-a-protecao-veicular-mais-confiavel\/","name":"Qual a prote\u00e7\u00e3o veicular mais confi\u00e1vel?","isPartOf":{"@id":"https:\/\/autoneggocio.com.br\/#website"},"primaryImageOfPage":{"@id":"https:\/\/autoneggocio.com.br\/qual-a-protecao-veicular-mais-confiavel\/#primaryimage"},"image":{"@id":"https:\/\/autoneggocio.com.br\/qual-a-protecao-veicular-mais-confiavel\/#primaryimage"},"thumbnailUrl":"https:\/\/i0.wp.com\/autoneggocio.com.br\/wp-content\/uploads\/2026\/04\/Design-sem-nome-16-1.jpg?fit=1300%2C800&ssl=1","datePublished":"2026-04-26T10:19:48+00:00","dateModified":"2026-04-26T10:19:59+00:00","description":"Procurando a prote\u00e7\u00e3o veicular mais confi\u00e1vel? Analisamos as melhores associa\u00e7\u00f5es de 2026, custos da Tabela Fipe, reputa\u00e7\u00e3o no Reclame Aqui","breadcrumb":{"@id":"https:\/\/autoneggocio.com.br\/qual-a-protecao-veicular-mais-confiavel\/#breadcrumb"},"inLanguage":"en-US","potentialAction":[{"@type":"ReadAction","target":["https:\/\/autoneggocio.com.br\/qual-a-protecao-veicular-mais-confiavel\/"]}]},{"@type":"ImageObject","inLanguage":"en-US","@id":"https:\/\/autoneggocio.com.br\/qual-a-protecao-veicular-mais-confiavel\/#primaryimage","url":"https:\/\/i0.wp.com\/autoneggocio.com.br\/wp-content\/uploads\/2026\/04\/Design-sem-nome-16-1.jpg?fit=1300%2C800&ssl=1","contentUrl":"https:\/\/i0.wp.com\/autoneggocio.com.br\/wp-content\/uploads\/2026\/04\/Design-sem-nome-16-1.jpg?fit=1300%2C800&ssl=1","width":1300,"height":800,"caption":"Qual a prote\u00e7\u00e3o veicular mais confi\u00e1vel?"},{"@type":"BreadcrumbList","@id":"https:\/\/autoneggocio.com.br\/qual-a-protecao-veicular-mais-confiavel\/#breadcrumb","itemListElement":[{"@type":"ListItem","position":1,"name":"In\u00edcio","item":"https:\/\/autoneggocio.com.br\/"},{"@type":"ListItem","position":2,"name":"Qual a prote\u00e7\u00e3o veicular mais confi\u00e1vel?"}]},{"@type":"WebSite","@id":"https:\/\/autoneggocio.com.br\/#website","url":"https:\/\/autoneggocio.com.br\/","name":"Autoneggocio","description":"","publisher":{"@id":"https:\/\/autoneggocio.com.br\/#organization"},"potentialAction":[{"@type":"SearchAction","target":{"@type":"EntryPoint","urlTemplate":"https:\/\/autoneggocio.com.br\/?s={search_term_string}"},"query-input":{"@type":"PropertyValueSpecification","valueRequired":true,"valueName":"search_term_string"}}],"inLanguage":"en-US"},{"@type":"Organization","@id":"https:\/\/autoneggocio.com.br\/#organization","name":"Autoneggocio","url":"https:\/\/autoneggocio.com.br\/","logo":{"@type":"ImageObject","inLanguage":"en-US","@id":"https:\/\/autoneggocio.com.br\/#\/schema\/logo\/image\/","url":"https:\/\/autoneggocio.com.br\/wp-content\/uploads\/2025\/06\/cropped-AUTONEGGOCIO-13-03-3.png","contentUrl":"https:\/\/autoneggocio.com.br\/wp-content\/uploads\/2025\/06\/cropped-AUTONEGGOCIO-13-03-3.png","width":500,"height":498,"caption":"Autoneggocio"},"image":{"@id":"https:\/\/autoneggocio.com.br\/#\/schema\/logo\/image\/"},"sameAs":["https:\/\/www.facebook.com\/autoneggocio","https:\/\/x.com\/autoneggocio","https:\/\/www.instagram.com\/autoneggocio\/"]},{"@type":"Person","@id":"https:\/\/autoneggocio.com.br\/#\/schema\/person\/0c1bb8ea92e22f4070dbbee3f3d63773","name":"Emilio Vicente","image":{"@type":"ImageObject","inLanguage":"en-US","@id":"https:\/\/secure.gravatar.com\/avatar\/8bb5538811faed86f0918a0d158ea9a866941020a74128a5dd808470b5ed0fea?s=96&d=mm&r=g","url":"https:\/\/secure.gravatar.com\/avatar\/8bb5538811faed86f0918a0d158ea9a866941020a74128a5dd808470b5ed0fea?s=96&d=mm&r=g","contentUrl":"https:\/\/secure.gravatar.com\/avatar\/8bb5538811faed86f0918a0d158ea9a866941020a74128a5dd808470b5ed0fea?s=96&d=mm&r=g","caption":"Emilio Vicente"},"description":"Emilio de Vicente \u00e9 o autor e respons\u00e1vel pelos conte\u00fados do site Autoneggocio, trazendo informa\u00e7\u00f5es atualizadas, an\u00e1lises profundas e artigos relevantes sobre o mundo dos autom\u00f3veis com assuntos relacionados a manuten\u00e7\u00e3o preventiva de carros em geral.","sameAs":["https:\/\/autoneggocio.com.br"],"url":"https:\/\/autoneggocio.com.br\/en\/author\/emilio\/"}]}},"jetpack_publicize_connections":[],"jetpack_featured_media_url":"https:\/\/i0.wp.com\/autoneggocio.com.br\/wp-content\/uploads\/2026\/04\/Design-sem-nome-16-1.jpg?fit=1300%2C800&ssl=1","jetpack_sharing_enabled":true,"jetpack_likes_enabled":true,"jetpack-related-posts":[{"id":582,"url":"https:\/\/autoneggocio.com.br\/en\/protecao-veicular-e-confiavel-entenda-os-riscos-e-beneficios-%f0%9f%9a%97\/","url_meta":{"origin":2075,"position":0},"title":"Prote\u00e7\u00e3o veicular \u00e9 confi\u00e1vel? Entenda os riscos e benef\u00edcios \ud83d\ude97","author":"Emilio Vicente","date":"22 de June de 2025","format":false,"excerpt":"Com o aumento nos pre\u00e7os dos seguros tradicionais e a crescente preocupa\u00e7\u00e3o com furtos e colis\u00f5es, muitos motoristas t\u00eam buscado alternativas para proteger seus ve\u00edculos. Nesse cen\u00e1rio, a prote\u00e7\u00e3o veicular tem ganhado espa\u00e7o como uma op\u00e7\u00e3o mais acess\u00edvel e aparentemente eficaz. Mas ser\u00e1 que ela \u00e9 realmente confi\u00e1vel? Embora a\u2026","rel":"","context":"In &quot;Diversos&quot;","block_context":{"text":"Diversos","link":"https:\/\/autoneggocio.com.br\/en\/category\/diversos\/"},"img":{"alt_text":"Prote\u00e7\u00e3o veicular \u00e9 confi\u00e1vel? Entenda os riscos e benef\u00edcios","src":"https:\/\/i0.wp.com\/autoneggocio.com.br\/wp-content\/uploads\/2025\/06\/Design-sem-nome-49.jpg?fit=1200%2C738&ssl=1&resize=350%2C200","width":350,"height":200,"srcset":"https:\/\/i0.wp.com\/autoneggocio.com.br\/wp-content\/uploads\/2025\/06\/Design-sem-nome-49.jpg?fit=1200%2C738&ssl=1&resize=350%2C200 1x, https:\/\/i0.wp.com\/autoneggocio.com.br\/wp-content\/uploads\/2025\/06\/Design-sem-nome-49.jpg?fit=1200%2C738&ssl=1&resize=525%2C300 1.5x, https:\/\/i0.wp.com\/autoneggocio.com.br\/wp-content\/uploads\/2025\/06\/Design-sem-nome-49.jpg?fit=1200%2C738&ssl=1&resize=700%2C400 2x, https:\/\/i0.wp.com\/autoneggocio.com.br\/wp-content\/uploads\/2025\/06\/Design-sem-nome-49.jpg?fit=1200%2C738&ssl=1&resize=1050%2C600 3x"},"classes":[]},{"id":459,"url":"https:\/\/autoneggocio.com.br\/en\/qual-e-a-diferenca-entre-a-protecao-veicular-e-seguro\/","url_meta":{"origin":2075,"position":1},"title":"Qual \u00e9 a Diferen\u00e7a Entre a Prote\u00e7\u00e3o Veicular e Seguro?","author":"Emilio Vicente","date":"20 de June de 2025","format":false,"excerpt":"Com o aumento dos custos no setor automotivo e a constante busca por alternativas mais acess\u00edveis, muitos motoristas t\u00eam se deparado com duas op\u00e7\u00f5es para proteger seu ve\u00edculo: o seguro tradicional e a prote\u00e7\u00e3o veicular. Ambos oferecem cobertura contra imprevistos, mas suas estruturas, garantias e regulamenta\u00e7\u00f5es s\u00e3o bastante distintas. Neste\u2026","rel":"","context":"In &quot;Diversos&quot;","block_context":{"text":"Diversos","link":"https:\/\/autoneggocio.com.br\/en\/category\/diversos\/"},"img":{"alt_text":"Qual \u00e9 a Diferen\u00e7a Entre a Prote\u00e7\u00e3o Veicular e Seguro?","src":"https:\/\/i0.wp.com\/autoneggocio.com.br\/wp-content\/uploads\/2025\/06\/Design-sem-nome-35.jpg?fit=1200%2C738&ssl=1&resize=350%2C200","width":350,"height":200,"srcset":"https:\/\/i0.wp.com\/autoneggocio.com.br\/wp-content\/uploads\/2025\/06\/Design-sem-nome-35.jpg?fit=1200%2C738&ssl=1&resize=350%2C200 1x, https:\/\/i0.wp.com\/autoneggocio.com.br\/wp-content\/uploads\/2025\/06\/Design-sem-nome-35.jpg?fit=1200%2C738&ssl=1&resize=525%2C300 1.5x, https:\/\/i0.wp.com\/autoneggocio.com.br\/wp-content\/uploads\/2025\/06\/Design-sem-nome-35.jpg?fit=1200%2C738&ssl=1&resize=700%2C400 2x, https:\/\/i0.wp.com\/autoneggocio.com.br\/wp-content\/uploads\/2025\/06\/Design-sem-nome-35.jpg?fit=1200%2C738&ssl=1&resize=1050%2C600 3x"},"classes":[]},{"id":1678,"url":"https:\/\/autoneggocio.com.br\/en\/seguro-automotivo-o-que-influencia-no-preco-e-como-pagar-menos\/","url_meta":{"origin":2075,"position":2},"title":"Seguro automotivo: o que influencia no pre\u00e7o e como pagar menos","author":"Emilio Vicente","date":"26 de January de 2026","format":false,"excerpt":"Ter um carro no Brasil envolve uma s\u00e9rie de custos fixos e vari\u00e1veis, e o seguro automotivo est\u00e1 entre os mais relevantes para quem busca prote\u00e7\u00e3o financeira e tranquilidade no dia a dia. No entanto, muitos propriet\u00e1rios ainda n\u00e3o entendem claramente por que o valor do seguro muda tanto de\u2026","rel":"","context":"In &quot;Diversos&quot;","block_context":{"text":"Diversos","link":"https:\/\/autoneggocio.com.br\/en\/category\/diversos\/"},"img":{"alt_text":"Seguro automotivo: o que influencia no pre\u00e7o e como pagar menos","src":"https:\/\/i0.wp.com\/autoneggocio.com.br\/wp-content\/uploads\/2026\/01\/Design-sem-nome-15.jpg?fit=1200%2C738&ssl=1&resize=350%2C200","width":350,"height":200,"srcset":"https:\/\/i0.wp.com\/autoneggocio.com.br\/wp-content\/uploads\/2026\/01\/Design-sem-nome-15.jpg?fit=1200%2C738&ssl=1&resize=350%2C200 1x, https:\/\/i0.wp.com\/autoneggocio.com.br\/wp-content\/uploads\/2026\/01\/Design-sem-nome-15.jpg?fit=1200%2C738&ssl=1&resize=525%2C300 1.5x, https:\/\/i0.wp.com\/autoneggocio.com.br\/wp-content\/uploads\/2026\/01\/Design-sem-nome-15.jpg?fit=1200%2C738&ssl=1&resize=700%2C400 2x, https:\/\/i0.wp.com\/autoneggocio.com.br\/wp-content\/uploads\/2026\/01\/Design-sem-nome-15.jpg?fit=1200%2C738&ssl=1&resize=1050%2C600 3x"},"classes":[]},{"id":1436,"url":"https:\/\/autoneggocio.com.br\/en\/tabela-fipe-e-confiavel-entenda-a-verdade-por-tras\/","url_meta":{"origin":2075,"position":3},"title":"\ud83d\udca1 Tabela Fipe \u00e9 Confi\u00e1vel? Entenda a Verdade por Tr\u00e1s da Refer\u00eancia de Pre\u00e7os no Brasil","author":"Emilio Vicente","date":"28 de October de 2025","format":false,"excerpt":"Ao decidir comprar, vender ou contratar um seguro para seu ve\u00edculo, voc\u00ea inevitavelmente se depara com a famosa Tabela Fipe. Para muitos, ela \u00e9 a \u201clei\u201d dos pre\u00e7os automotivos; para outros, apenas um ponto de partida que nunca reflete o valor real de mercado. Essa ferramenta, desenvolvida pela Funda\u00e7\u00e3o Instituto\u2026","rel":"","context":"In &quot;Diversos&quot;","block_context":{"text":"Diversos","link":"https:\/\/autoneggocio.com.br\/en\/category\/diversos\/"},"img":{"alt_text":"Tabela Fipe \u00e9 Confi\u00e1vel? Entenda a Verdade por Tr\u00e1s da Refer\u00eancia de Pre\u00e7os no Brasil","src":"https:\/\/i0.wp.com\/autoneggocio.com.br\/wp-content\/uploads\/2025\/10\/Inserir-um-titulo-4-1.jpg?fit=1200%2C738&ssl=1&resize=350%2C200","width":350,"height":200,"srcset":"https:\/\/i0.wp.com\/autoneggocio.com.br\/wp-content\/uploads\/2025\/10\/Inserir-um-titulo-4-1.jpg?fit=1200%2C738&ssl=1&resize=350%2C200 1x, https:\/\/i0.wp.com\/autoneggocio.com.br\/wp-content\/uploads\/2025\/10\/Inserir-um-titulo-4-1.jpg?fit=1200%2C738&ssl=1&resize=525%2C300 1.5x, https:\/\/i0.wp.com\/autoneggocio.com.br\/wp-content\/uploads\/2025\/10\/Inserir-um-titulo-4-1.jpg?fit=1200%2C738&ssl=1&resize=700%2C400 2x, https:\/\/i0.wp.com\/autoneggocio.com.br\/wp-content\/uploads\/2025\/10\/Inserir-um-titulo-4-1.jpg?fit=1200%2C738&ssl=1&resize=1050%2C600 3x"},"classes":[]},{"id":1076,"url":"https:\/\/autoneggocio.com.br\/en\/tratamento-de-pintura-automotiva-como-fazer-e-quais-produtos\/","url_meta":{"origin":2075,"position":4},"title":"Tratamento de Pintura Automotiva: Como Fazer e Quais Produtos Usar para um Brilho Duradouro","author":"Emilio Vicente","date":"2 de August de 2025","format":false,"excerpt":"Manter a pintura do seu ve\u00edculo em boas condi\u00e7\u00f5es \u00e9 essencial. Isso ajuda a manter sua apar\u00eancia e valor de revenda. Um tratamento adequado pode aumentar muito a durabilidade e o brilho da pintura. Para um brilho duradouro, \u00e9 crucial escolher os produtos certos. Tamb\u00e9m \u00e9 importante seguir as melhores\u2026","rel":"","context":"In &quot;Manuten\u00e7\u00e3o&quot;","block_context":{"text":"Manuten\u00e7\u00e3o","link":"https:\/\/autoneggocio.com.br\/en\/category\/manutencao\/"},"img":{"alt_text":"Tratamento de Pintura Automotiva: Como Fazer e Quais Produtos Usar para um Brilho Duradouro","src":"https:\/\/i0.wp.com\/autoneggocio.com.br\/wp-content\/uploads\/2025\/08\/Inserir-um-titulo-13.jpg?fit=1200%2C738&ssl=1&resize=350%2C200","width":350,"height":200,"srcset":"https:\/\/i0.wp.com\/autoneggocio.com.br\/wp-content\/uploads\/2025\/08\/Inserir-um-titulo-13.jpg?fit=1200%2C738&ssl=1&resize=350%2C200 1x, https:\/\/i0.wp.com\/autoneggocio.com.br\/wp-content\/uploads\/2025\/08\/Inserir-um-titulo-13.jpg?fit=1200%2C738&ssl=1&resize=525%2C300 1.5x, https:\/\/i0.wp.com\/autoneggocio.com.br\/wp-content\/uploads\/2025\/08\/Inserir-um-titulo-13.jpg?fit=1200%2C738&ssl=1&resize=700%2C400 2x, https:\/\/i0.wp.com\/autoneggocio.com.br\/wp-content\/uploads\/2025\/08\/Inserir-um-titulo-13.jpg?fit=1200%2C738&ssl=1&resize=1050%2C600 3x"},"classes":[]}],"amp_enabled":true,"_links":{"self":[{"href":"https:\/\/autoneggocio.com.br\/en\/wp-json\/wp\/v2\/posts\/2075","targetHints":{"allow":["GET"]}}],"collection":[{"href":"https:\/\/autoneggocio.com.br\/en\/wp-json\/wp\/v2\/posts"}],"about":[{"href":"https:\/\/autoneggocio.com.br\/en\/wp-json\/wp\/v2\/types\/post"}],"author":[{"embeddable":true,"href":"https:\/\/autoneggocio.com.br\/en\/wp-json\/wp\/v2\/users\/1"}],"replies":[{"embeddable":true,"href":"https:\/\/autoneggocio.com.br\/en\/wp-json\/wp\/v2\/comments?post=2075"}],"version-history":[{"count":1,"href":"https:\/\/autoneggocio.com.br\/en\/wp-json\/wp\/v2\/posts\/2075\/revisions"}],"predecessor-version":[{"id":2078,"href":"https:\/\/autoneggocio.com.br\/en\/wp-json\/wp\/v2\/posts\/2075\/revisions\/2078"}],"wp:featuredmedia":[{"embeddable":true,"href":"https:\/\/autoneggocio.com.br\/en\/wp-json\/wp\/v2\/media\/2076"}],"wp:attachment":[{"href":"https:\/\/autoneggocio.com.br\/en\/wp-json\/wp\/v2\/media?parent=2075"}],"wp:term":[{"taxonomy":"category","embeddable":true,"href":"https:\/\/autoneggocio.com.br\/en\/wp-json\/wp\/v2\/categories?post=2075"},{"taxonomy":"post_tag","embeddable":true,"href":"https:\/\/autoneggocio.com.br\/en\/wp-json\/wp\/v2\/tags?post=2075"}],"curies":[{"name":"wp","href":"https:\/\/api.w.org\/{rel}","templated":true}]}}