{"id":1883,"date":"2026-03-15T15:12:26","date_gmt":"2026-03-15T18:12:26","guid":{"rendered":"https:\/\/autoneggocio.com.br\/?p=1883"},"modified":"2026-03-15T15:12:30","modified_gmt":"2026-03-15T18:12:30","slug":"os-7-carros-com-melhor-valor-de-revenda-e-menor-custo","status":"publish","type":"post","link":"https:\/\/autoneggocio.com.br\/en\/os-7-carros-com-melhor-valor-de-revenda-e-menor-custo\/","title":{"rendered":"Os 7 Carros com Melhor Valor de Revenda e Menor Custo de Manuten\u00e7\u00e3o em 2026"},"content":{"rendered":"<p>O mercado automotivo brasileiro em\u00a0<strong>2026<\/strong>\u00a0consolidou uma mudan\u00e7a de paradigma: o carro deixou de ser apenas um meio de transporte para se tornar um ativo financeiro estrat\u00e9gico. <\/p>\n\n\n\n<p>Com a volatilidade dos pre\u00e7os dos 0km e a estabiliza\u00e7\u00e3o dos seminovos, o consumidor inteligente aprendeu que a economia real n\u00e3o acontece na hora da compra, mas sim ao longo dos anos de uso e, principalmente, no momento da\u00a0<strong>revenda<\/strong>.<\/p>\n\n\n\n<p>Escolher um ve\u00edculo que apresente baixa\u00a0<strong>desvaloriza\u00e7\u00e3o<\/strong>\u00a0e um\u00a0<strong><a href=\"https:\/\/autoneggocio.com.br\/en\/custo-de-manutencao-carro-eletrico-realmente-gasta-menos\/\" type=\"post\" id=\"795\" target=\"_blank\" rel=\"noreferrer noopener\">custo de manuten\u00e7\u00e3o<\/a><\/strong>\u00a0previs\u00edvel \u00e9 a diferen\u00e7a entre manter o patrim\u00f4nio protegido ou ver o dinheiro escoar pelo ralo das oficinas. <\/p>\n\n\n\n<p>Neste site do\u00a0<strong>Autonegg\u00f3cio<\/strong>, analisamos os dados mais recentes do setor para listar os modelos que s\u00e3o verdadeiros &#8220;cheques visados&#8221; no mercado atual.<\/p>\n\n\n\n<h2 class=\"wp-block-heading\">O Cen\u00e1rio da Desvaloriza\u00e7\u00e3o e Manuten\u00e7\u00e3o em 2026<\/h2>\n\n\n\n<p>Diferente de anos anteriores, onde apenas o pre\u00e7o de tabela ditava a regra, hoje o\u00a0<strong>custo de propriedade<\/strong>\u00a0(Total Cost of Ownership &#8211; TCO) \u00e9 o que define o sucesso de um modelo. Isso inclui o valor do seguro, o consumo de combust\u00edvel e a facilidade de encontrar pe\u00e7as. <\/p>\n\n\n\n<p>Em 2026, modelos h\u00edbridos e flex de alta efici\u00eancia dominam o ranking, pois oferecem a liquidez que o mercado de usados exige.<\/p>\n\n\n\n<h2 class=\"wp-block-heading\">1. Toyota Corolla Cross (H\u00edbrido Flex)<\/h2>\n\n\n\n<figure class=\"wp-block-image size-full is-resized\"><img data-recalc-dims=\"1\" fetchpriority=\"high\" decoding=\"async\" width=\"274\" height=\"184\" src=\"https:\/\/i0.wp.com\/autoneggocio.com.br\/wp-content\/uploads\/2026\/03\/toyota-crolla.jpeg?resize=274%2C184&#038;ssl=1\" alt=\"\" class=\"wp-image-1884\" style=\"aspect-ratio:1.4891719745222929;width:398px;height:auto\" srcset=\"https:\/\/i0.wp.com\/autoneggocio.com.br\/wp-content\/uploads\/2026\/03\/toyota-crolla.jpeg?w=274&amp;ssl=1 274w, https:\/\/i0.wp.com\/autoneggocio.com.br\/wp-content\/uploads\/2026\/03\/toyota-crolla.jpeg?resize=18%2C12&amp;ssl=1 18w, https:\/\/i0.wp.com\/autoneggocio.com.br\/wp-content\/uploads\/2026\/03\/toyota-crolla.jpeg?resize=150%2C101&amp;ssl=1 150w\" sizes=\"(max-width: 274px) 100vw, 274px\" \/><\/figure>\n\n\n\n<p>O&nbsp;<strong>Toyota Corolla Cross<\/strong>&nbsp;continua sendo o rei da liquidez. A marca japonesa construiu uma reputa\u00e7\u00e3o de confiabilidade que beira o inabal\u00e1vel.<\/p>\n\n\n\n<ul class=\"wp-block-list\">\n<li><strong>Valor de Revenda:<\/strong>\u00a0Em 2026, um exemplar bem cuidado perde menos de 8% do valor ap\u00f3s o primeiro ano de uso.<\/li>\n\n\n\n<li><strong>Manuten\u00e7\u00e3o:<\/strong>\u00a0O sistema h\u00edbrido da Toyota \u00e9 conhecido pela durabilidade extrema, e a\u00a0<strong>cesta de pe\u00e7as<\/strong>\u00a0\u00e9 padronizada em todo o Brasil, evitando surpresas desagrad\u00e1veis.<\/li>\n\n\n\n<li><strong>P\u00fablico:<\/strong>\u00a0Fam\u00edlias que buscam seguran\u00e7a e um valor de troca garantido na pr\u00f3xima renova\u00e7\u00e3o de frota.<\/li>\n<\/ul>\n\n\n\n<p><strong><a href=\"https:\/\/www.toyota.com.br\/\" target=\"_blank\" rel=\"noreferrer noopener\">TOYOTA<\/a><\/strong><\/p>\n\n\n\n<h2 class=\"wp-block-heading\">2. Volkswagen Polo (Vers\u00e3o Comfortline\/Highline)<\/h2>\n\n\n\n<figure class=\"wp-block-image size-large is-resized\"><img decoding=\"async\" width=\"2560\" height=\"1708\" src=\"https:\/\/i0.wp.com\/autoneggocio.com.br\/wp-content\/uploads\/2026\/03\/Volkswagen-Polo-scaled.jpg?fit=960%2C640&amp;ssl=1\" alt=\"\" class=\"wp-image-1886\" style=\"aspect-ratio:1.4986096882774769;width:406px;height:auto\" srcset=\"https:\/\/i0.wp.com\/autoneggocio.com.br\/wp-content\/uploads\/2026\/03\/Volkswagen-Polo-scaled.jpg?w=2560&amp;ssl=1 2560w, https:\/\/i0.wp.com\/autoneggocio.com.br\/wp-content\/uploads\/2026\/03\/Volkswagen-Polo-scaled.jpg?resize=300%2C200&amp;ssl=1 300w, https:\/\/i0.wp.com\/autoneggocio.com.br\/wp-content\/uploads\/2026\/03\/Volkswagen-Polo-scaled.jpg?resize=1024%2C683&amp;ssl=1 1024w, https:\/\/i0.wp.com\/autoneggocio.com.br\/wp-content\/uploads\/2026\/03\/Volkswagen-Polo-scaled.jpg?resize=768%2C512&amp;ssl=1 768w, https:\/\/i0.wp.com\/autoneggocio.com.br\/wp-content\/uploads\/2026\/03\/Volkswagen-Polo-scaled.jpg?resize=1536%2C1025&amp;ssl=1 1536w, https:\/\/i0.wp.com\/autoneggocio.com.br\/wp-content\/uploads\/2026\/03\/Volkswagen-Polo-scaled.jpg?resize=2048%2C1367&amp;ssl=1 2048w, https:\/\/i0.wp.com\/autoneggocio.com.br\/wp-content\/uploads\/2026\/03\/Volkswagen-Polo-scaled.jpg?resize=18%2C12&amp;ssl=1 18w, https:\/\/i0.wp.com\/autoneggocio.com.br\/wp-content\/uploads\/2026\/03\/Volkswagen-Polo-scaled.jpg?resize=150%2C100&amp;ssl=1 150w, https:\/\/i0.wp.com\/autoneggocio.com.br\/wp-content\/uploads\/2026\/03\/Volkswagen-Polo-scaled.jpg?resize=330%2C220&amp;ssl=1 330w, https:\/\/i0.wp.com\/autoneggocio.com.br\/wp-content\/uploads\/2026\/03\/Volkswagen-Polo-scaled.jpg?resize=420%2C280&amp;ssl=1 420w, https:\/\/i0.wp.com\/autoneggocio.com.br\/wp-content\/uploads\/2026\/03\/Volkswagen-Polo-scaled.jpg?resize=510%2C340&amp;ssl=1 510w, https:\/\/i0.wp.com\/autoneggocio.com.br\/wp-content\/uploads\/2026\/03\/Volkswagen-Polo-scaled.jpg?w=1920&amp;ssl=1 1920w\" sizes=\"(max-width: 960px) 100vw, 960px\" \/><\/figure>\n\n\n\n<p>Com a sa\u00edda definitiva de modelos mais antigos, o&nbsp;<strong>Polo<\/strong>&nbsp;se consolidou como o &#8220;novo queridinho&#8221; do mercado de usados. O motor TSI oferece o equil\u00edbrio perfeito entre desempenho e baixo consumo.<\/p>\n\n\n\n<ul class=\"wp-block-list\">\n<li><strong>Valor de Revenda:<\/strong>\u00a0Sua alta demanda para frotas e uso urbano mant\u00e9m o pre\u00e7o de mercado sempre pr\u00f3ximo \u00e0\u00a0Tabela Fipe.<\/li>\n\n\n\n<li><strong>Manuten\u00e7\u00e3o:<\/strong>\u00a0A facilidade de encontrar componentes e a m\u00e3o de obra especializada em qualquer cidade do pa\u00eds tornam o custo de oficina um dos mais baixos da categoria.<\/li>\n<\/ul>\n\n\n\n<p><strong><a href=\"https:\/\/www.vw.com.br\/pt.html\" type=\"link\" id=\"https:\/\/www.vw.com.br\/pt.html\" target=\"_blank\" rel=\"noreferrer noopener\">VW<\/a><\/strong><\/p>\n\n\n\n<h2 class=\"wp-block-heading\">3. Honda HR-V<\/h2>\n\n\n\n<figure class=\"wp-block-image size-large is-resized\"><img data-recalc-dims=\"1\" decoding=\"async\" width=\"960\" height=\"540\" src=\"https:\/\/i0.wp.com\/autoneggocio.com.br\/wp-content\/uploads\/2026\/03\/Honda-HR-V.jpg?resize=960%2C540&#038;ssl=1\" alt=\"\" class=\"wp-image-1885\" style=\"width:376px;height:auto\" srcset=\"https:\/\/i0.wp.com\/autoneggocio.com.br\/wp-content\/uploads\/2026\/03\/Honda-HR-V.jpg?resize=1024%2C576&amp;ssl=1 1024w, https:\/\/i0.wp.com\/autoneggocio.com.br\/wp-content\/uploads\/2026\/03\/Honda-HR-V.jpg?resize=300%2C169&amp;ssl=1 300w, https:\/\/i0.wp.com\/autoneggocio.com.br\/wp-content\/uploads\/2026\/03\/Honda-HR-V.jpg?resize=768%2C432&amp;ssl=1 768w, https:\/\/i0.wp.com\/autoneggocio.com.br\/wp-content\/uploads\/2026\/03\/Honda-HR-V.jpg?resize=18%2C10&amp;ssl=1 18w, https:\/\/i0.wp.com\/autoneggocio.com.br\/wp-content\/uploads\/2026\/03\/Honda-HR-V.jpg?resize=150%2C84&amp;ssl=1 150w, https:\/\/i0.wp.com\/autoneggocio.com.br\/wp-content\/uploads\/2026\/03\/Honda-HR-V.jpg?w=1280&amp;ssl=1 1280w\" sizes=\"(max-width: 960px) 100vw, 960px\" \/><\/figure>\n\n\n\n<p>O&nbsp;<strong>Honda HR-V<\/strong>&nbsp;\u00e9 o SUV que raramente para no p\u00e1tio de uma concession\u00e1ria de seminovos. A fidelidade do p\u00fablico Honda garante que o carro seja vendido em poucos dias, muitas vezes acima do pre\u00e7o de mercado.<\/p>\n\n\n\n<ul class=\"wp-block-list\">\n<li><strong>Valor de Revenda:<\/strong>\u00a0Historicamente, \u00e9 um dos modelos que menos desvaloriza no Brasil.<\/li>\n\n\n\n<li><strong>Manuten\u00e7\u00e3o:<\/strong>\u00a0A Honda foca em\u00a0<strong>manuten\u00e7\u00e3o preventiva<\/strong>\u00a0simplificada. Em 2026, o plano de revis\u00f5es com pre\u00e7o fixo da marca \u00e9 um dos mais transparentes do mercado.<\/li>\n<\/ul>\n\n\n\n<p><strong><a href=\"https:\/\/www.honda.com.br\/automoveis\/6-anos-de-garantia?gad_source=1&amp;gad_campaignid=23614109712&amp;gbraid=0AAAAAC-TcQzGJqRo8d6jwS282MPFZuom3&amp;gclid=Cj0KCQjwsdnNBhC4ARIsAA_3hejmjG9jRnAJLw8348S9sgcOza1VuOrgaTN600_Mx1zqszmR1IWRrbwaAhzjEALw_wcB\" type=\"link\" id=\"https:\/\/www.honda.com.br\/automoveis\/6-anos-de-garantia?gad_source=1&amp;gad_campaignid=23614109712&amp;gbraid=0AAAAAC-TcQzGJqRo8d6jwS282MPFZuom3&amp;gclid=Cj0KCQjwsdnNBhC4ARIsAA_3hejmjG9jRnAJLw8348S9sgcOza1VuOrgaTN600_Mx1zqszmR1IWRrbwaAhzjEALw_wcB\" target=\"_blank\" rel=\"noreferrer noopener\">HONDA<\/a><\/strong><\/p>\n\n\n\n<h2 class=\"wp-block-heading\">4. Fiat Strada (Turbo Flex)<\/h2>\n\n\n\n<figure class=\"wp-block-image size-large is-resized\"><img data-recalc-dims=\"1\" loading=\"lazy\" decoding=\"async\" width=\"960\" height=\"572\" src=\"https:\/\/i0.wp.com\/autoneggocio.com.br\/wp-content\/uploads\/2026\/03\/Fiat-Strada.jpg?resize=960%2C572&#038;ssl=1\" alt=\"\" class=\"wp-image-1887\" style=\"aspect-ratio:1.6800105000656254;width:445px;height:auto\" srcset=\"https:\/\/i0.wp.com\/autoneggocio.com.br\/wp-content\/uploads\/2026\/03\/Fiat-Strada-scaled.jpg?resize=1024%2C610&amp;ssl=1 1024w, https:\/\/i0.wp.com\/autoneggocio.com.br\/wp-content\/uploads\/2026\/03\/Fiat-Strada-scaled.jpg?resize=300%2C179&amp;ssl=1 300w, https:\/\/i0.wp.com\/autoneggocio.com.br\/wp-content\/uploads\/2026\/03\/Fiat-Strada-scaled.jpg?resize=768%2C457&amp;ssl=1 768w, https:\/\/i0.wp.com\/autoneggocio.com.br\/wp-content\/uploads\/2026\/03\/Fiat-Strada-scaled.jpg?resize=1536%2C914&amp;ssl=1 1536w, https:\/\/i0.wp.com\/autoneggocio.com.br\/wp-content\/uploads\/2026\/03\/Fiat-Strada-scaled.jpg?resize=2048%2C1219&amp;ssl=1 2048w, https:\/\/i0.wp.com\/autoneggocio.com.br\/wp-content\/uploads\/2026\/03\/Fiat-Strada-scaled.jpg?resize=18%2C12&amp;ssl=1 18w, https:\/\/i0.wp.com\/autoneggocio.com.br\/wp-content\/uploads\/2026\/03\/Fiat-Strada-scaled.jpg?resize=150%2C89&amp;ssl=1 150w, https:\/\/i0.wp.com\/autoneggocio.com.br\/wp-content\/uploads\/2026\/03\/Fiat-Strada-scaled.jpg?w=1920&amp;ssl=1 1920w\" sizes=\"(max-width: 960px) 100vw, 960px\" \/><\/figure>\n\n\n\n<p>N\u00e3o se deixe enganar pela voca\u00e7\u00e3o de trabalho; a&nbsp;<strong>Fiat Strada<\/strong>&nbsp;\u00e9 o ve\u00edculo mais vendido do Brasil por um motivo. Ela serve tanto para o lazer quanto para o neg\u00f3cio, o que dobra o seu p\u00fablico comprador na hora da revenda.<\/p>\n\n\n\n<ul class=\"wp-block-list\">\n<li><strong>Valor de Revenda:<\/strong>\u00a0\u00c9 comum encontrar Stradas com um ano de uso sendo vendidas pelo pre\u00e7o de uma nova, devido \u00e0 alta demanda.<\/li>\n\n\n\n<li><strong>Manuten\u00e7\u00e3o:<\/strong>\u00a0A rede Fiat \u00e9 a maior do pa\u00eds, o que garante\u00a0<strong>pe\u00e7as baratas<\/strong>\u00a0e servi\u00e7os r\u00e1pidos.<\/li>\n<\/ul>\n\n\n\n<p><strong><a href=\"https:\/\/www.fiat.com.br\/\" type=\"link\" id=\"https:\/\/www.fiat.com.br\/\" target=\"_blank\" rel=\"noreferrer noopener\">FIAT<\/a><\/strong><\/p>\n\n\n\n<h2 class=\"wp-block-heading\">5. BYD Dolphin (El\u00e9trico Premium)<\/h2>\n\n\n\n<figure class=\"wp-block-image size-full is-resized\"><img data-recalc-dims=\"1\" loading=\"lazy\" decoding=\"async\" width=\"489\" height=\"311\" src=\"https:\/\/i0.wp.com\/autoneggocio.com.br\/wp-content\/uploads\/2026\/03\/byd.jpg?resize=489%2C311&#038;ssl=1\" alt=\"\" class=\"wp-image-1888\" style=\"aspect-ratio:1.572376023715018;width:379px;height:auto\" srcset=\"https:\/\/i0.wp.com\/autoneggocio.com.br\/wp-content\/uploads\/2026\/03\/byd.jpg?w=489&amp;ssl=1 489w, https:\/\/i0.wp.com\/autoneggocio.com.br\/wp-content\/uploads\/2026\/03\/byd.jpg?resize=300%2C191&amp;ssl=1 300w, https:\/\/i0.wp.com\/autoneggocio.com.br\/wp-content\/uploads\/2026\/03\/byd.jpg?resize=18%2C12&amp;ssl=1 18w, https:\/\/i0.wp.com\/autoneggocio.com.br\/wp-content\/uploads\/2026\/03\/byd.jpg?resize=150%2C95&amp;ssl=1 150w\" sizes=\"(max-width: 489px) 100vw, 489px\" \/><\/figure>\n\n\n\n<p>Em 2026, o mercado de usados j\u00e1 abra\u00e7ou os el\u00e9tricos, e o&nbsp;<strong>BYD Dolphin<\/strong>&nbsp;lidera esse movimento. Com a garantia de bateria estendida e a economia brutal de combust\u00edvel, ele se tornou um seminovo muito cobi\u00e7ado.<\/p>\n\n\n\n<ul class=\"wp-block-list\">\n<li><strong>Valor de Revenda:<\/strong>\u00a0A estabilidade da marca no Brasil trouxe confian\u00e7a para o comprador de usados.<\/li>\n\n\n\n<li><strong>Manuten\u00e7\u00e3o:<\/strong>\u00a0Por ter menos partes m\u00f3veis que um motor a combust\u00e3o, o custo de manuten\u00e7\u00e3o chega a ser\u00a0<strong>60% menor<\/strong>\u00a0que um carro equivalente a gasolina.<\/li>\n<\/ul>\n\n\n\n<h2 class=\"wp-block-heading\">6. Chevrolet Onix Plus<\/h2>\n\n\n\n<figure class=\"wp-block-image size-large is-resized\"><img data-recalc-dims=\"1\" loading=\"lazy\" decoding=\"async\" width=\"960\" height=\"448\" src=\"https:\/\/i0.wp.com\/autoneggocio.com.br\/wp-content\/uploads\/2026\/03\/onix-2026.jpg?resize=960%2C448&#038;ssl=1\" alt=\"\" class=\"wp-image-1889\" style=\"aspect-ratio:2.14091574325737;width:477px;height:auto\" srcset=\"https:\/\/i0.wp.com\/autoneggocio.com.br\/wp-content\/uploads\/2026\/03\/onix-2026.jpg?resize=1024%2C478&amp;ssl=1 1024w, https:\/\/i0.wp.com\/autoneggocio.com.br\/wp-content\/uploads\/2026\/03\/onix-2026.jpg?resize=300%2C140&amp;ssl=1 300w, https:\/\/i0.wp.com\/autoneggocio.com.br\/wp-content\/uploads\/2026\/03\/onix-2026.jpg?resize=768%2C359&amp;ssl=1 768w, https:\/\/i0.wp.com\/autoneggocio.com.br\/wp-content\/uploads\/2026\/03\/onix-2026.jpg?resize=18%2C8&amp;ssl=1 18w, https:\/\/i0.wp.com\/autoneggocio.com.br\/wp-content\/uploads\/2026\/03\/onix-2026.jpg?resize=150%2C70&amp;ssl=1 150w, https:\/\/i0.wp.com\/autoneggocio.com.br\/wp-content\/uploads\/2026\/03\/onix-2026.jpg?w=1231&amp;ssl=1 1231w\" sizes=\"(max-width: 960px) 100vw, 960px\" \/><\/figure>\n\n\n\n<p>O sed\u00e3 compacto da Chevrolet \u00e9 a escolha racional para quem precisa de espa\u00e7o e economia. Sua mec\u00e2nica \u00e9 amplamente conhecida e confi\u00e1vel.<\/p>\n\n\n\n<ul class=\"wp-block-list\">\n<li><strong>Valor de Revenda:<\/strong>\u00a0O Onix Plus tem uma aceita\u00e7\u00e3o imensa no mercado de transporte por aplicativo e frotas, garantindo liquidez imediata.<\/li>\n\n\n\n<li><strong>Manuten\u00e7\u00e3o:<\/strong>\u00a0O sistema de\u00a0<strong>p\u00f3s-venda da Chevrolet<\/strong>\u00a0em 2026 foca na agilidade, com pacotes de pe\u00e7as com pre\u00e7os competitivos frente ao mercado paralelo.<\/li>\n<\/ul>\n\n\n\n<h2 class=\"wp-block-heading\">7. Hyundai Creta (Nova Gera\u00e7\u00e3o)<\/h2>\n\n\n\n<p>O visual disruptivo do Creta conquistou o brasileiro, e o pacote tecnol\u00f3gico de s\u00e9rie faz com que ele envelhe\u00e7a muito bem perante a concorr\u00eancia.<\/p>\n\n\n\n<ul class=\"wp-block-list\">\n<li><strong>Valor de Revenda:<\/strong>\u00a0A garantia de 5 anos da Hyundai \u00e9 um diferencial enorme na revenda, pois o segundo dono muitas vezes ainda compra o carro protegido pela f\u00e1brica.<\/li>\n\n\n\n<li><strong>Manuten\u00e7\u00e3o:<\/strong>\u00a0O motor 1.0 Turbo \u00e9 eficiente e a Hyundai tem investido pesado na\u00a0<strong>digitaliza\u00e7\u00e3o do servi\u00e7o<\/strong>, facilitando o agendamento e o controle de custos.<\/li>\n<\/ul>\n\n\n\n<h2 class=\"wp-block-heading\">Passo a Passo: Como Garantir o Melhor Valor na Hora de Vender<\/h2>\n\n\n\n<p>Ter um dos carros acima \u00e9 meio caminho andado, mas o estado de conserva\u00e7\u00e3o e a documenta\u00e7\u00e3o s\u00e3o o que fecham o neg\u00f3cio. Siga este roteiro:<\/p>\n\n\n\n<ol class=\"wp-block-list\">\n<li><strong>Mantenha o Carimbo no Manual:<\/strong>\u00a0Mesmo ap\u00f3s o t\u00e9rmino da garantia, fazer as trocas de \u00f3leo em concession\u00e1ria ou oficinas de renome valoriza o carro em at\u00e9 10%.<\/li>\n\n\n\n<li><strong>Laudo Cautelar Aprovado:<\/strong>\u00a0Antes de anunciar, fa\u00e7a um laudo cautelar em empresas como a\u00a0Super Vis\u00e3o. Ter o selo de &#8220;Aprovado&#8221; elimina qualquer desconfian\u00e7a sobre colis\u00f5es ou leil\u00f5es.<\/li>\n\n\n\n<li><strong>Higieniza\u00e7\u00e3o e Detalhamento:<\/strong>\u00a0Um investimento de R<img decoding=\"async\" src=\"blob:https:\/\/autoneggocio.com.br\/5fd892dc-03a7-4e21-8d77-9f7fdb868ffb\"><img decoding=\"async\" src=\"blob:https:\/\/autoneggocio.com.br\/0848f06b-07f8-4448-87e8-2626ad43b249\"><img decoding=\"async\" src=\"blob:https:\/\/autoneggocio.com.br\/fec19fff-b857-4c59-a970-b7a57ba27ccb\"><img decoding=\"async\" src=\"blob:https:\/\/autoneggocio.com.br\/8add8ed1-713b-44ae-ba88-ffd5b2c7f3bc\">\u00a03.000,00 extras no pre\u00e7o final de venda.<\/li>\n\n\n\n<li><strong>Hist\u00f3rico de Abastecimento:<\/strong>\u00a0Se voc\u00ea usa apenas gasolina aditivada ou tem um el\u00e9trico, guarde os registros (ou use apps de controle). Isso prova o cuidado com o sistema de alimenta\u00e7\u00e3o do motor.<\/li>\n\n\n\n<li><strong>Fotos Profissionais:<\/strong>\u00a0No\u00a0<strong>Auto Negg\u00f3cio<\/strong>, sempre refor\u00e7amos: boas fotos vendem o carro. Tire fotos em locais abertos, com luz natural e mostre os detalhes dos pneus e painel.<\/li>\n<\/ol>\n\n\n\n<h2 class=\"wp-block-heading\">Estrat\u00e9gias para Reduzir o Custo de Manuten\u00e7\u00e3o em 2026<\/h2>\n\n\n\n<p>O consumidor moderno n\u00e3o espera o carro quebrar. A tend\u00eancia de&nbsp;<strong>manuten\u00e7\u00e3o preditiva<\/strong>&nbsp;ganhou for\u00e7a com os apps de telemetria.<\/p>\n\n\n\n<ul class=\"wp-block-list\">\n<li><strong>Pneus e Alinhamento:<\/strong>\u00a0Verifique a calibragem semanalmente. Em 2026, com o aumento do pre\u00e7o da borracha, um jogo de pneus pode custar uma pequena fortuna.<\/li>\n\n\n\n<li><strong>Filtros e Fluidos:<\/strong>\u00a0Nunca economize no \u00f3leo. Utilize sempre a especifica\u00e7\u00e3o exata do manual do fabricante para evitar o temido &#8220;borra no motor&#8221;, que destr\u00f3i o valor de revenda.<\/li>\n\n\n\n<li><strong>Seguro Automotivo:<\/strong>\u00a0Utilize ferramentas de compara\u00e7\u00e3o para garantir que o seu carro de baixa manuten\u00e7\u00e3o tamb\u00e9m tenha um seguro barato. Modelos com pe\u00e7as mais baratas costumam ter ap\u00f3lices mais acess\u00edveis.<\/li>\n<\/ul>\n\n\n\n<h2 class=\"wp-block-heading\">O Veredito: Qual escolher?<\/h2>\n\n\n\n<p>Escolher um carro entre os 7 listados \u00e9 uma decis\u00e3o baseada em\u00a0<strong>intelig\u00eancia financeira<\/strong>. Em 2026, o mercado n\u00e3o perdoa ve\u00edculos com manuten\u00e7\u00e3o obscura ou marcas que n\u00e3o oferecem suporte no p\u00f3s-venda. <\/p>\n\n\n\n<p>Ao focar em modelos como o\u00a0<strong>Corolla Cross<\/strong>,\u00a0<strong>Strada<\/strong>\u00a0ou\u00a0<strong>Dolphin<\/strong>, voc\u00ea est\u00e1 comprando tranquilidade.<\/p>\n\n\n\n<p>O segredo para um bom\u00a0<strong>neg\u00f3cio<\/strong>\u00a0\u00e9 olhar al\u00e9m da est\u00e9tica. Verifique a disponibilidade de pe\u00e7as na sua regi\u00e3o, consulte o valor do seguro antes de fechar o contrato e, acima de tudo, entenda que um carro que &#8220;n\u00e3o quebra&#8221; \u00e9 o melhor investimento que voc\u00ea pode fazer para sua mobilidade.<\/p>\n\n\n\n<p>Aproveite que o mercado est\u00e1 aquecido e analise sua garagem. Ser\u00e1 que n\u00e3o \u00e9 o momento de trocar seu atual ve\u00edculo por um desses campe\u00f5es de revenda? <\/p>\n\n\n\n<p>A economia que voc\u00ea faz na oficina hoje \u00e9 o lucro que voc\u00ea coloca no bolso amanh\u00e3.<\/p>\n\n\n\n<h2 class=\"wp-block-heading\">Perguntas Frequentes sobre Valor de Revenda e Manuten\u00e7\u00e3o<\/h2>\n\n\n\n<p><strong>1. Qual carro perde menos valor de revenda em 2026?<\/strong><\/p>\n\n\n\n<p>Atualmente, modelos de marcas japonesas como&nbsp;<strong>Toyota<\/strong>&nbsp;(Corolla e Corolla Cross) e&nbsp;<strong>Honda<\/strong>&nbsp;(HR-V) lideram o ranking. Al\u00e9m disso, picapes compactas como a&nbsp;<strong>Fiat Strada<\/strong>&nbsp;mant\u00eam um valor de mercado alt\u00edssimo devido \u00e0 dupla aptid\u00e3o para trabalho e lazer.<\/p>\n\n\n\n<p><strong>2. O que define um carro com manuten\u00e7\u00e3o barata?<\/strong><\/p>\n\n\n\n<p>Um carro tem manuten\u00e7\u00e3o barata quando possui&nbsp;<strong>grande volume de vendas<\/strong>, o que garante pe\u00e7as de reposi\u00e7\u00e3o em abund\u00e2ncia e m\u00e3o de obra conhecida em qualquer oficina. Modelos como o&nbsp;<strong>VW Polo<\/strong>&nbsp;e o&nbsp;<strong>Chevrolet Onix<\/strong>&nbsp;s\u00e3o exemplos cl\u00e1ssicos dessa categoria.<\/p>\n\n\n\n<p><strong>3. Carros el\u00e9tricos e h\u00edbridos t\u00eam boa revenda?<\/strong><\/p>\n\n\n\n<p>Em 2026, a aceita\u00e7\u00e3o de modelos como o&nbsp;<strong>BYD Dolphin<\/strong>&nbsp;e o&nbsp;<strong>Toyota Corolla Hybrid<\/strong>&nbsp;cresceu drasticamente. A economia de combust\u00edvel e a isen\u00e7\u00e3o de impostos em v\u00e1rias regi\u00f5es tornaram esses modelos muito desejados no mercado de seminovos, garantindo uma desvaloriza\u00e7\u00e3o competitiva.<\/p>\n\n\n\n<p><strong>4. Como a Tabela Fipe influencia o valor do meu carro?<\/strong><\/p>\n\n\n\n<p>A&nbsp;<strong>Tabela Fipe<\/strong>&nbsp;serve como uma refer\u00eancia m\u00e9dia de mercado. No entanto, carros com hist\u00f3rico de revis\u00f5es em dia, pneus novos e laudo cautelar aprovado costumam ser vendidos por valores&nbsp;<strong>acima da Fipe<\/strong>, enquanto carros com hist\u00f3rico de sinistro sofrem desvaloriza\u00e7\u00e3o acentuada.<\/p>\n\n\n\n<p><strong>5. Vale a pena fazer revis\u00e3o em concession\u00e1ria ap\u00f3s a garantia?<\/strong><\/p>\n\n\n\n<p>Financeiramente,&nbsp;<strong>sim<\/strong>. Ter o carimbo da concession\u00e1ria no manual \u00e9 um dos principais argumentos de venda. Isso prova que o ve\u00edculo seguiu o plano de manuten\u00e7\u00e3o rigoroso da f\u00e1brica, o que pode valorizar o carro em at\u00e9&nbsp;<strong>10% na hora da troca<\/strong>.<\/p>\n\n\n\n<p><strong>6. Quais itens de manuten\u00e7\u00e3o mais encarecem o custo de propriedade?<\/strong><\/p>\n\n\n\n<p>Os itens que mais pesam no bolso s\u00e3o o jogo de&nbsp;<strong>pneus<\/strong>, o sistema de&nbsp;<strong>embreagem<\/strong>&nbsp;(em carros manuais) e a&nbsp;<strong>correia dentada<\/strong>. Escolher carros que utilizam corrente de comando ou que possuem pneus de medidas padr\u00e3o ajuda a reduzir drasticamente esses custos.<\/p>","protected":false},"excerpt":{"rendered":"<p>O mercado automotivo brasileiro em\u00a02026\u00a0consolidou uma mudan\u00e7a de paradigma: o carro deixou de ser apenas um meio de transporte para se tornar um ativo financeiro estrat\u00e9gico. Com a volatilidade dos pre\u00e7os dos 0km e a estabiliza\u00e7\u00e3o dos seminovos, o consumidor inteligente aprendeu que a economia real n\u00e3o acontece na hora da compra, mas sim ao<\/p>","protected":false},"author":1,"featured_media":1890,"comment_status":"open","ping_status":"open","sticky":false,"template":"","format":"standard","meta":{"googlesitekit_rrm_CAowp_uhDA:productID":"","jetpack_post_was_ever_published":false,"_jetpack_newsletter_access":"","_jetpack_dont_email_post_to_subs":false,"_jetpack_newsletter_tier_id":0,"_jetpack_memberships_contains_paywalled_content":false,"_jetpack_memberships_contains_paid_content":false,"footnotes":"","jetpack_publicize_message":"","jetpack_publicize_feature_enabled":true,"jetpack_social_post_already_shared":true,"jetpack_social_options":{"image_generator_settings":{"template":"highway","default_image_id":0,"font":"","enabled":false},"version":2}},"categories":[3],"tags":[356,369,367,366,368],"class_list":["post-1883","post","type-post","status-publish","format-standard","has-post-thumbnail","hentry","category-diversos","tag-carros-com-manutencao-barata","tag-custo-de-propriedade-automotivo","tag-melhor-valor-de-revenda-2026","tag-menor-desvalorizacao-de-veiculos","tag-tabela-fipe-carros-usados"],"yoast_head":"<!-- This site is optimized with the Yoast SEO plugin v27.5 - https:\/\/yoast.com\/product\/yoast-seo-wordpress\/ -->\n<title>Os 7 Carros com Melhor Valor de Revenda e Menor Custo<\/title>\n<meta name=\"description\" content=\"Descubra qual o melhor valor de revenda 2026 e os carros com manuten\u00e7\u00e3o barata. Proteja seu patrim\u00f4nio com nosso guia dos modelos\" \/>\n<meta name=\"robots\" content=\"index, follow, max-snippet:-1, max-image-preview:large, max-video-preview:-1\" \/>\n<link rel=\"canonical\" href=\"https:\/\/autoneggocio.com.br\/en\/os-7-carros-com-melhor-valor-de-revenda-e-menor-custo\/\" \/>\n<meta property=\"og:locale\" content=\"en_US\" \/>\n<meta property=\"og:type\" content=\"article\" \/>\n<meta property=\"og:title\" content=\"Os 7 Carros com Melhor Valor de Revenda e Menor Custo\" \/>\n<meta property=\"og:description\" content=\"Descubra qual o melhor valor de revenda 2026 e os carros com manuten\u00e7\u00e3o barata. Proteja seu patrim\u00f4nio com nosso guia dos modelos\" \/>\n<meta property=\"og:url\" content=\"https:\/\/autoneggocio.com.br\/en\/os-7-carros-com-melhor-valor-de-revenda-e-menor-custo\/\" \/>\n<meta property=\"article:publisher\" content=\"https:\/\/www.facebook.com\/autoneggocio\" \/>\n<meta property=\"article:published_time\" content=\"2026-03-15T18:12:26+00:00\" \/>\n<meta property=\"article:modified_time\" content=\"2026-03-15T18:12:30+00:00\" \/>\n<meta property=\"og:image\" content=\"https:\/\/autoneggocio.com.br\/wp-content\/uploads\/2026\/03\/Design-sem-nome-15.jpg\" \/>\n\t<meta property=\"og:image:width\" content=\"1300\" \/>\n\t<meta property=\"og:image:height\" content=\"800\" \/>\n\t<meta property=\"og:image:type\" content=\"image\/jpeg\" \/>\n<meta name=\"author\" content=\"Emilio Vicente\" \/>\n<meta name=\"twitter:card\" content=\"summary_large_image\" \/>\n<meta name=\"twitter:creator\" content=\"@autoneggocio\" \/>\n<meta name=\"twitter:site\" content=\"@autoneggocio\" \/>\n<meta name=\"twitter:label1\" content=\"Written by\" \/>\n\t<meta name=\"twitter:data1\" content=\"Emilio Vicente\" \/>\n\t<meta name=\"twitter:label2\" content=\"Est. reading time\" \/>\n\t<meta name=\"twitter:data2\" content=\"11 minutes\" \/>\n<script type=\"application\/ld+json\" class=\"yoast-schema-graph\">{\"@context\":\"https:\\\/\\\/schema.org\",\"@graph\":[{\"@type\":\"Article\",\"@id\":\"https:\\\/\\\/autoneggocio.com.br\\\/os-7-carros-com-melhor-valor-de-revenda-e-menor-custo\\\/#article\",\"isPartOf\":{\"@id\":\"https:\\\/\\\/autoneggocio.com.br\\\/os-7-carros-com-melhor-valor-de-revenda-e-menor-custo\\\/\"},\"author\":{\"name\":\"Emilio Vicente\",\"@id\":\"https:\\\/\\\/autoneggocio.com.br\\\/#\\\/schema\\\/person\\\/0c1bb8ea92e22f4070dbbee3f3d63773\"},\"headline\":\"Os 7 Carros com Melhor Valor de Revenda e Menor Custo de Manuten\u00e7\u00e3o em 2026\",\"datePublished\":\"2026-03-15T18:12:26+00:00\",\"dateModified\":\"2026-03-15T18:12:30+00:00\",\"mainEntityOfPage\":{\"@id\":\"https:\\\/\\\/autoneggocio.com.br\\\/os-7-carros-com-melhor-valor-de-revenda-e-menor-custo\\\/\"},\"wordCount\":1698,\"commentCount\":0,\"publisher\":{\"@id\":\"https:\\\/\\\/autoneggocio.com.br\\\/#organization\"},\"image\":{\"@id\":\"https:\\\/\\\/autoneggocio.com.br\\\/os-7-carros-com-melhor-valor-de-revenda-e-menor-custo\\\/#primaryimage\"},\"thumbnailUrl\":\"https:\\\/\\\/i0.wp.com\\\/autoneggocio.com.br\\\/wp-content\\\/uploads\\\/2026\\\/03\\\/Design-sem-nome-15.jpg?fit=1300%2C800&ssl=1\",\"keywords\":[\"carros com manuten\u00e7\u00e3o barata\",\"custo de propriedade automotivo\",\"Melhor valor de revenda 2026\",\"menor desvaloriza\u00e7\u00e3o de ve\u00edculos\",\"Tabela Fipe carros usados\"],\"articleSection\":[\"Diversos\"],\"inLanguage\":\"en-US\",\"potentialAction\":[{\"@type\":\"CommentAction\",\"name\":\"Comment\",\"target\":[\"https:\\\/\\\/autoneggocio.com.br\\\/os-7-carros-com-melhor-valor-de-revenda-e-menor-custo\\\/#respond\"]}]},{\"@type\":\"WebPage\",\"@id\":\"https:\\\/\\\/autoneggocio.com.br\\\/os-7-carros-com-melhor-valor-de-revenda-e-menor-custo\\\/\",\"url\":\"https:\\\/\\\/autoneggocio.com.br\\\/os-7-carros-com-melhor-valor-de-revenda-e-menor-custo\\\/\",\"name\":\"Os 7 Carros com Melhor Valor de Revenda e Menor Custo\",\"isPartOf\":{\"@id\":\"https:\\\/\\\/autoneggocio.com.br\\\/#website\"},\"primaryImageOfPage\":{\"@id\":\"https:\\\/\\\/autoneggocio.com.br\\\/os-7-carros-com-melhor-valor-de-revenda-e-menor-custo\\\/#primaryimage\"},\"image\":{\"@id\":\"https:\\\/\\\/autoneggocio.com.br\\\/os-7-carros-com-melhor-valor-de-revenda-e-menor-custo\\\/#primaryimage\"},\"thumbnailUrl\":\"https:\\\/\\\/i0.wp.com\\\/autoneggocio.com.br\\\/wp-content\\\/uploads\\\/2026\\\/03\\\/Design-sem-nome-15.jpg?fit=1300%2C800&ssl=1\",\"datePublished\":\"2026-03-15T18:12:26+00:00\",\"dateModified\":\"2026-03-15T18:12:30+00:00\",\"description\":\"Descubra qual o melhor valor de revenda 2026 e os carros com manuten\u00e7\u00e3o barata. Proteja seu patrim\u00f4nio com nosso guia dos modelos\",\"breadcrumb\":{\"@id\":\"https:\\\/\\\/autoneggocio.com.br\\\/os-7-carros-com-melhor-valor-de-revenda-e-menor-custo\\\/#breadcrumb\"},\"inLanguage\":\"en-US\",\"potentialAction\":[{\"@type\":\"ReadAction\",\"target\":[\"https:\\\/\\\/autoneggocio.com.br\\\/os-7-carros-com-melhor-valor-de-revenda-e-menor-custo\\\/\"]}]},{\"@type\":\"ImageObject\",\"inLanguage\":\"en-US\",\"@id\":\"https:\\\/\\\/autoneggocio.com.br\\\/os-7-carros-com-melhor-valor-de-revenda-e-menor-custo\\\/#primaryimage\",\"url\":\"https:\\\/\\\/i0.wp.com\\\/autoneggocio.com.br\\\/wp-content\\\/uploads\\\/2026\\\/03\\\/Design-sem-nome-15.jpg?fit=1300%2C800&ssl=1\",\"contentUrl\":\"https:\\\/\\\/i0.wp.com\\\/autoneggocio.com.br\\\/wp-content\\\/uploads\\\/2026\\\/03\\\/Design-sem-nome-15.jpg?fit=1300%2C800&ssl=1\",\"width\":1300,\"height\":800,\"caption\":\"Os 7 Carros com Melhor Valor de Revenda e Menor Custo de Manuten\u00e7\u00e3o em 2026\"},{\"@type\":\"BreadcrumbList\",\"@id\":\"https:\\\/\\\/autoneggocio.com.br\\\/os-7-carros-com-melhor-valor-de-revenda-e-menor-custo\\\/#breadcrumb\",\"itemListElement\":[{\"@type\":\"ListItem\",\"position\":1,\"name\":\"In\u00edcio\",\"item\":\"https:\\\/\\\/autoneggocio.com.br\\\/\"},{\"@type\":\"ListItem\",\"position\":2,\"name\":\"Os 7 Carros com Melhor Valor de Revenda e Menor Custo de Manuten\u00e7\u00e3o em 2026\"}]},{\"@type\":\"WebSite\",\"@id\":\"https:\\\/\\\/autoneggocio.com.br\\\/#website\",\"url\":\"https:\\\/\\\/autoneggocio.com.br\\\/\",\"name\":\"Autoneggocio\",\"description\":\"\",\"publisher\":{\"@id\":\"https:\\\/\\\/autoneggocio.com.br\\\/#organization\"},\"potentialAction\":[{\"@type\":\"SearchAction\",\"target\":{\"@type\":\"EntryPoint\",\"urlTemplate\":\"https:\\\/\\\/autoneggocio.com.br\\\/?s={search_term_string}\"},\"query-input\":{\"@type\":\"PropertyValueSpecification\",\"valueRequired\":true,\"valueName\":\"search_term_string\"}}],\"inLanguage\":\"en-US\"},{\"@type\":\"Organization\",\"@id\":\"https:\\\/\\\/autoneggocio.com.br\\\/#organization\",\"name\":\"Autoneggocio\",\"url\":\"https:\\\/\\\/autoneggocio.com.br\\\/\",\"logo\":{\"@type\":\"ImageObject\",\"inLanguage\":\"en-US\",\"@id\":\"https:\\\/\\\/autoneggocio.com.br\\\/#\\\/schema\\\/logo\\\/image\\\/\",\"url\":\"https:\\\/\\\/autoneggocio.com.br\\\/wp-content\\\/uploads\\\/2025\\\/06\\\/cropped-AUTONEGGOCIO-13-03-3.png\",\"contentUrl\":\"https:\\\/\\\/autoneggocio.com.br\\\/wp-content\\\/uploads\\\/2025\\\/06\\\/cropped-AUTONEGGOCIO-13-03-3.png\",\"width\":500,\"height\":498,\"caption\":\"Autoneggocio\"},\"image\":{\"@id\":\"https:\\\/\\\/autoneggocio.com.br\\\/#\\\/schema\\\/logo\\\/image\\\/\"},\"sameAs\":[\"https:\\\/\\\/www.facebook.com\\\/autoneggocio\",\"https:\\\/\\\/x.com\\\/autoneggocio\",\"https:\\\/\\\/www.instagram.com\\\/autoneggocio\\\/\"]},{\"@type\":\"Person\",\"@id\":\"https:\\\/\\\/autoneggocio.com.br\\\/#\\\/schema\\\/person\\\/0c1bb8ea92e22f4070dbbee3f3d63773\",\"name\":\"Emilio Vicente\",\"image\":{\"@type\":\"ImageObject\",\"inLanguage\":\"en-US\",\"@id\":\"https:\\\/\\\/secure.gravatar.com\\\/avatar\\\/8bb5538811faed86f0918a0d158ea9a866941020a74128a5dd808470b5ed0fea?s=96&d=mm&r=g\",\"url\":\"https:\\\/\\\/secure.gravatar.com\\\/avatar\\\/8bb5538811faed86f0918a0d158ea9a866941020a74128a5dd808470b5ed0fea?s=96&d=mm&r=g\",\"contentUrl\":\"https:\\\/\\\/secure.gravatar.com\\\/avatar\\\/8bb5538811faed86f0918a0d158ea9a866941020a74128a5dd808470b5ed0fea?s=96&d=mm&r=g\",\"caption\":\"Emilio Vicente\"},\"description\":\"Emilio de Vicente \u00e9 o autor e respons\u00e1vel pelos conte\u00fados do site Autoneggocio, trazendo informa\u00e7\u00f5es atualizadas, an\u00e1lises profundas e artigos relevantes sobre o mundo dos autom\u00f3veis com assuntos relacionados a manuten\u00e7\u00e3o preventiva de carros em geral.\",\"sameAs\":[\"https:\\\/\\\/autoneggocio.com.br\"],\"url\":\"https:\\\/\\\/autoneggocio.com.br\\\/en\\\/author\\\/emilio\\\/\"}]}<\/script>\n<!-- \/ Yoast SEO plugin. -->","yoast_head_json":{"title":"Os 7 Carros com Melhor Valor de Revenda e Menor Custo","description":"Descubra qual o melhor valor de revenda 2026 e os carros com manuten\u00e7\u00e3o barata. Proteja seu patrim\u00f4nio com nosso guia dos modelos","robots":{"index":"index","follow":"follow","max-snippet":"max-snippet:-1","max-image-preview":"max-image-preview:large","max-video-preview":"max-video-preview:-1"},"canonical":"https:\/\/autoneggocio.com.br\/en\/os-7-carros-com-melhor-valor-de-revenda-e-menor-custo\/","og_locale":"en_US","og_type":"article","og_title":"Os 7 Carros com Melhor Valor de Revenda e Menor Custo","og_description":"Descubra qual o melhor valor de revenda 2026 e os carros com manuten\u00e7\u00e3o barata. Proteja seu patrim\u00f4nio com nosso guia dos modelos","og_url":"https:\/\/autoneggocio.com.br\/en\/os-7-carros-com-melhor-valor-de-revenda-e-menor-custo\/","article_publisher":"https:\/\/www.facebook.com\/autoneggocio","article_published_time":"2026-03-15T18:12:26+00:00","article_modified_time":"2026-03-15T18:12:30+00:00","og_image":[{"width":1300,"height":800,"url":"https:\/\/autoneggocio.com.br\/wp-content\/uploads\/2026\/03\/Design-sem-nome-15.jpg","type":"image\/jpeg"}],"author":"Emilio Vicente","twitter_card":"summary_large_image","twitter_creator":"@autoneggocio","twitter_site":"@autoneggocio","twitter_misc":{"Written by":"Emilio Vicente","Est. reading time":"11 minutes"},"schema":{"@context":"https:\/\/schema.org","@graph":[{"@type":"Article","@id":"https:\/\/autoneggocio.com.br\/os-7-carros-com-melhor-valor-de-revenda-e-menor-custo\/#article","isPartOf":{"@id":"https:\/\/autoneggocio.com.br\/os-7-carros-com-melhor-valor-de-revenda-e-menor-custo\/"},"author":{"name":"Emilio Vicente","@id":"https:\/\/autoneggocio.com.br\/#\/schema\/person\/0c1bb8ea92e22f4070dbbee3f3d63773"},"headline":"Os 7 Carros com Melhor Valor de Revenda e Menor Custo de Manuten\u00e7\u00e3o em 2026","datePublished":"2026-03-15T18:12:26+00:00","dateModified":"2026-03-15T18:12:30+00:00","mainEntityOfPage":{"@id":"https:\/\/autoneggocio.com.br\/os-7-carros-com-melhor-valor-de-revenda-e-menor-custo\/"},"wordCount":1698,"commentCount":0,"publisher":{"@id":"https:\/\/autoneggocio.com.br\/#organization"},"image":{"@id":"https:\/\/autoneggocio.com.br\/os-7-carros-com-melhor-valor-de-revenda-e-menor-custo\/#primaryimage"},"thumbnailUrl":"https:\/\/i0.wp.com\/autoneggocio.com.br\/wp-content\/uploads\/2026\/03\/Design-sem-nome-15.jpg?fit=1300%2C800&ssl=1","keywords":["carros com manuten\u00e7\u00e3o barata","custo de propriedade automotivo","Melhor valor de revenda 2026","menor desvaloriza\u00e7\u00e3o de ve\u00edculos","Tabela Fipe carros usados"],"articleSection":["Diversos"],"inLanguage":"en-US","potentialAction":[{"@type":"CommentAction","name":"Comment","target":["https:\/\/autoneggocio.com.br\/os-7-carros-com-melhor-valor-de-revenda-e-menor-custo\/#respond"]}]},{"@type":"WebPage","@id":"https:\/\/autoneggocio.com.br\/os-7-carros-com-melhor-valor-de-revenda-e-menor-custo\/","url":"https:\/\/autoneggocio.com.br\/os-7-carros-com-melhor-valor-de-revenda-e-menor-custo\/","name":"Os 7 Carros com Melhor Valor de Revenda e Menor Custo","isPartOf":{"@id":"https:\/\/autoneggocio.com.br\/#website"},"primaryImageOfPage":{"@id":"https:\/\/autoneggocio.com.br\/os-7-carros-com-melhor-valor-de-revenda-e-menor-custo\/#primaryimage"},"image":{"@id":"https:\/\/autoneggocio.com.br\/os-7-carros-com-melhor-valor-de-revenda-e-menor-custo\/#primaryimage"},"thumbnailUrl":"https:\/\/i0.wp.com\/autoneggocio.com.br\/wp-content\/uploads\/2026\/03\/Design-sem-nome-15.jpg?fit=1300%2C800&ssl=1","datePublished":"2026-03-15T18:12:26+00:00","dateModified":"2026-03-15T18:12:30+00:00","description":"Descubra qual o melhor valor de revenda 2026 e os carros com manuten\u00e7\u00e3o barata. Proteja seu patrim\u00f4nio com nosso guia dos modelos","breadcrumb":{"@id":"https:\/\/autoneggocio.com.br\/os-7-carros-com-melhor-valor-de-revenda-e-menor-custo\/#breadcrumb"},"inLanguage":"en-US","potentialAction":[{"@type":"ReadAction","target":["https:\/\/autoneggocio.com.br\/os-7-carros-com-melhor-valor-de-revenda-e-menor-custo\/"]}]},{"@type":"ImageObject","inLanguage":"en-US","@id":"https:\/\/autoneggocio.com.br\/os-7-carros-com-melhor-valor-de-revenda-e-menor-custo\/#primaryimage","url":"https:\/\/i0.wp.com\/autoneggocio.com.br\/wp-content\/uploads\/2026\/03\/Design-sem-nome-15.jpg?fit=1300%2C800&ssl=1","contentUrl":"https:\/\/i0.wp.com\/autoneggocio.com.br\/wp-content\/uploads\/2026\/03\/Design-sem-nome-15.jpg?fit=1300%2C800&ssl=1","width":1300,"height":800,"caption":"Os 7 Carros com Melhor Valor de Revenda e Menor Custo de Manuten\u00e7\u00e3o em 2026"},{"@type":"BreadcrumbList","@id":"https:\/\/autoneggocio.com.br\/os-7-carros-com-melhor-valor-de-revenda-e-menor-custo\/#breadcrumb","itemListElement":[{"@type":"ListItem","position":1,"name":"In\u00edcio","item":"https:\/\/autoneggocio.com.br\/"},{"@type":"ListItem","position":2,"name":"Os 7 Carros com Melhor Valor de Revenda e Menor Custo de Manuten\u00e7\u00e3o em 2026"}]},{"@type":"WebSite","@id":"https:\/\/autoneggocio.com.br\/#website","url":"https:\/\/autoneggocio.com.br\/","name":"Autoneggocio","description":"","publisher":{"@id":"https:\/\/autoneggocio.com.br\/#organization"},"potentialAction":[{"@type":"SearchAction","target":{"@type":"EntryPoint","urlTemplate":"https:\/\/autoneggocio.com.br\/?s={search_term_string}"},"query-input":{"@type":"PropertyValueSpecification","valueRequired":true,"valueName":"search_term_string"}}],"inLanguage":"en-US"},{"@type":"Organization","@id":"https:\/\/autoneggocio.com.br\/#organization","name":"Autoneggocio","url":"https:\/\/autoneggocio.com.br\/","logo":{"@type":"ImageObject","inLanguage":"en-US","@id":"https:\/\/autoneggocio.com.br\/#\/schema\/logo\/image\/","url":"https:\/\/autoneggocio.com.br\/wp-content\/uploads\/2025\/06\/cropped-AUTONEGGOCIO-13-03-3.png","contentUrl":"https:\/\/autoneggocio.com.br\/wp-content\/uploads\/2025\/06\/cropped-AUTONEGGOCIO-13-03-3.png","width":500,"height":498,"caption":"Autoneggocio"},"image":{"@id":"https:\/\/autoneggocio.com.br\/#\/schema\/logo\/image\/"},"sameAs":["https:\/\/www.facebook.com\/autoneggocio","https:\/\/x.com\/autoneggocio","https:\/\/www.instagram.com\/autoneggocio\/"]},{"@type":"Person","@id":"https:\/\/autoneggocio.com.br\/#\/schema\/person\/0c1bb8ea92e22f4070dbbee3f3d63773","name":"Emilio Vicente","image":{"@type":"ImageObject","inLanguage":"en-US","@id":"https:\/\/secure.gravatar.com\/avatar\/8bb5538811faed86f0918a0d158ea9a866941020a74128a5dd808470b5ed0fea?s=96&d=mm&r=g","url":"https:\/\/secure.gravatar.com\/avatar\/8bb5538811faed86f0918a0d158ea9a866941020a74128a5dd808470b5ed0fea?s=96&d=mm&r=g","contentUrl":"https:\/\/secure.gravatar.com\/avatar\/8bb5538811faed86f0918a0d158ea9a866941020a74128a5dd808470b5ed0fea?s=96&d=mm&r=g","caption":"Emilio Vicente"},"description":"Emilio de Vicente \u00e9 o autor e respons\u00e1vel pelos conte\u00fados do site Autoneggocio, trazendo informa\u00e7\u00f5es atualizadas, an\u00e1lises profundas e artigos relevantes sobre o mundo dos autom\u00f3veis com assuntos relacionados a manuten\u00e7\u00e3o preventiva de carros em geral.","sameAs":["https:\/\/autoneggocio.com.br"],"url":"https:\/\/autoneggocio.com.br\/en\/author\/emilio\/"}]}},"jetpack_publicize_connections":[],"jetpack_featured_media_url":"https:\/\/i0.wp.com\/autoneggocio.com.br\/wp-content\/uploads\/2026\/03\/Design-sem-nome-15.jpg?fit=1300%2C800&ssl=1","jetpack_sharing_enabled":true,"jetpack_likes_enabled":true,"jetpack-related-posts":[{"id":2018,"url":"https:\/\/autoneggocio.com.br\/en\/vale-a-pena-comprar-um-carro-eletrico-usado-em-2026\/","url_meta":{"origin":1883,"position":0},"title":"Vale a Pena Comprar um Carro El\u00e9trico Usado em 2026?","author":"Emilio Vicente","date":"29 de March de 2026","format":false,"excerpt":"A paisagem urbana brasileira sofreu uma transforma\u00e7\u00e3o radical nos \u00faltimos anos. Se no in\u00edcio da d\u00e9cada de 2020 a vis\u00e3o de um ve\u00edculo el\u00e9trico era uma raridade ex\u00f3tica, em 2026 eles s\u00e3o parte integrante do fluxo de tr\u00e1fego, dominando as faixas de \u00f4nibus e os postos de recarga em shoppings\u2026","rel":"","context":"In &quot;El\u00e9tricos&quot;","block_context":{"text":"El\u00e9tricos","link":"https:\/\/autoneggocio.com.br\/en\/category\/eletricos\/"},"img":{"alt_text":"Vale a Pena Comprar um Carro El\u00e9trico Usado em 2026?","src":"https:\/\/i0.wp.com\/autoneggocio.com.br\/wp-content\/uploads\/2026\/03\/Design-sem-nome-11-2.jpg?fit=1200%2C738&ssl=1&resize=350%2C200","width":350,"height":200,"srcset":"https:\/\/i0.wp.com\/autoneggocio.com.br\/wp-content\/uploads\/2026\/03\/Design-sem-nome-11-2.jpg?fit=1200%2C738&ssl=1&resize=350%2C200 1x, https:\/\/i0.wp.com\/autoneggocio.com.br\/wp-content\/uploads\/2026\/03\/Design-sem-nome-11-2.jpg?fit=1200%2C738&ssl=1&resize=525%2C300 1.5x, https:\/\/i0.wp.com\/autoneggocio.com.br\/wp-content\/uploads\/2026\/03\/Design-sem-nome-11-2.jpg?fit=1200%2C738&ssl=1&resize=700%2C400 2x, https:\/\/i0.wp.com\/autoneggocio.com.br\/wp-content\/uploads\/2026\/03\/Design-sem-nome-11-2.jpg?fit=1200%2C738&ssl=1&resize=1050%2C600 3x"},"classes":[]},{"id":1539,"url":"https:\/\/autoneggocio.com.br\/en\/carro-novo-mais-barato-do-brasil-em-2025-veja-quanto-custa\/","url_meta":{"origin":1883,"position":1},"title":"Carro Novo Mais Barato do Brasil em 2025: Veja Quanto Custa e se Vale a Pena","author":"Emilio Vicente","date":"19 de November de 2025","format":false,"excerpt":"Encontrar um carro zero quil\u00f4metro acess\u00edvel em 2025 se tornou um desafio para muitos brasileiros. O mercado automotivo sofreu transforma\u00e7\u00f5es importantes, com custos de produ\u00e7\u00e3o mais altos, ado\u00e7\u00e3o de novas tecnologias e uma demanda crescente por efici\u00eancia energ\u00e9tica. Mesmo assim, ainda existe um modelo que se destaca como a porta\u2026","rel":"","context":"In &quot;Diversos&quot;","block_context":{"text":"Diversos","link":"https:\/\/autoneggocio.com.br\/en\/category\/diversos\/"},"img":{"alt_text":"Carro Novo Mais Barato do Brasil em 2025: Veja Quanto Custa e se Vale a Pena","src":"https:\/\/i0.wp.com\/autoneggocio.com.br\/wp-content\/uploads\/2025\/11\/Inserir-um-titulo-1-6.jpg?fit=1200%2C738&ssl=1&resize=350%2C200","width":350,"height":200,"srcset":"https:\/\/i0.wp.com\/autoneggocio.com.br\/wp-content\/uploads\/2025\/11\/Inserir-um-titulo-1-6.jpg?fit=1200%2C738&ssl=1&resize=350%2C200 1x, https:\/\/i0.wp.com\/autoneggocio.com.br\/wp-content\/uploads\/2025\/11\/Inserir-um-titulo-1-6.jpg?fit=1200%2C738&ssl=1&resize=525%2C300 1.5x, https:\/\/i0.wp.com\/autoneggocio.com.br\/wp-content\/uploads\/2025\/11\/Inserir-um-titulo-1-6.jpg?fit=1200%2C738&ssl=1&resize=700%2C400 2x, https:\/\/i0.wp.com\/autoneggocio.com.br\/wp-content\/uploads\/2025\/11\/Inserir-um-titulo-1-6.jpg?fit=1200%2C738&ssl=1&resize=1050%2C600 3x"},"classes":[]},{"id":1861,"url":"https:\/\/autoneggocio.com.br\/en\/carro-a-alcool-gasolina-eletrico-ou-hibrido\/","url_meta":{"origin":1883,"position":2},"title":"Carro a \u00c1lcool, Gasolina, El\u00e9trico ou H\u00edbrido: Qual Vale Mais a Pena em 2026?","author":"Emilio Vicente","date":"13 de March de 2026","format":false,"excerpt":"O mercado automotivo passou por uma transforma\u00e7\u00e3o significativa nos \u00faltimos anos. Hoje, quem deseja comprar um ve\u00edculo precisa escolher entre diferentes tecnologias de motoriza\u00e7\u00e3o, cada uma com suas vantagens, custos e caracter\u00edsticas espec\u00edficas. Entre as op\u00e7\u00f5es mais comuns est\u00e3o os carros movidos a \u00e1lcool, gasolina, el\u00e9trico e h\u00edbrido. A d\u00favida\u2026","rel":"","context":"In &quot;Diversos&quot;","block_context":{"text":"Diversos","link":"https:\/\/autoneggocio.com.br\/en\/category\/diversos\/"},"img":{"alt_text":"Carro a \u00c1lcool, Gasolina, El\u00e9trico ou H\u00edbrido: Qual Vale Mais a Pena em 2026?","src":"https:\/\/i0.wp.com\/autoneggocio.com.br\/wp-content\/uploads\/2026\/03\/Design-sem-nome-36.jpg?fit=1200%2C738&ssl=1&resize=350%2C200","width":350,"height":200,"srcset":"https:\/\/i0.wp.com\/autoneggocio.com.br\/wp-content\/uploads\/2026\/03\/Design-sem-nome-36.jpg?fit=1200%2C738&ssl=1&resize=350%2C200 1x, https:\/\/i0.wp.com\/autoneggocio.com.br\/wp-content\/uploads\/2026\/03\/Design-sem-nome-36.jpg?fit=1200%2C738&ssl=1&resize=525%2C300 1.5x, https:\/\/i0.wp.com\/autoneggocio.com.br\/wp-content\/uploads\/2026\/03\/Design-sem-nome-36.jpg?fit=1200%2C738&ssl=1&resize=700%2C400 2x, https:\/\/i0.wp.com\/autoneggocio.com.br\/wp-content\/uploads\/2026\/03\/Design-sem-nome-36.jpg?fit=1200%2C738&ssl=1&resize=1050%2C600 3x"},"classes":[]},{"id":1935,"url":"https:\/\/autoneggocio.com.br\/en\/os-5-melhores-suvs-do-momento-e-seus-diferenciais-em-2026\/","url_meta":{"origin":1883,"position":3},"title":"Os 5 Melhores SUVs do Momento e Seus Diferenciais em 2026","author":"Emilio Vicente","date":"21 de March de 2026","format":false,"excerpt":"O mercado automotivo brasileiro atingiu um novo patamar de maturidade. Se antes a d\u00favida do consumidor era entre um sedan e um utilit\u00e1rio, hoje a pergunta \u00e9: qual tecnologia de SUV melhor se adapta ao meu estilo de vida? Em 2026, presenciamos a consolida\u00e7\u00e3o dos motores h\u00edbridos, a democratiza\u00e7\u00e3o da\u2026","rel":"","context":"In &quot;Diversos&quot;","block_context":{"text":"Diversos","link":"https:\/\/autoneggocio.com.br\/en\/category\/diversos\/"},"img":{"alt_text":"Honda HR-V","src":"https:\/\/i0.wp.com\/autoneggocio.com.br\/wp-content\/uploads\/2026\/03\/Design-sem-nome-34-1.jpg?fit=1200%2C738&ssl=1&resize=350%2C200","width":350,"height":200,"srcset":"https:\/\/i0.wp.com\/autoneggocio.com.br\/wp-content\/uploads\/2026\/03\/Design-sem-nome-34-1.jpg?fit=1200%2C738&ssl=1&resize=350%2C200 1x, https:\/\/i0.wp.com\/autoneggocio.com.br\/wp-content\/uploads\/2026\/03\/Design-sem-nome-34-1.jpg?fit=1200%2C738&ssl=1&resize=525%2C300 1.5x, https:\/\/i0.wp.com\/autoneggocio.com.br\/wp-content\/uploads\/2026\/03\/Design-sem-nome-34-1.jpg?fit=1200%2C738&ssl=1&resize=700%2C400 2x, https:\/\/i0.wp.com\/autoneggocio.com.br\/wp-content\/uploads\/2026\/03\/Design-sem-nome-34-1.jpg?fit=1200%2C738&ssl=1&resize=1050%2C600 3x"},"classes":[]},{"id":1874,"url":"https:\/\/autoneggocio.com.br\/en\/qual-carro-e-mais-economico-e-da-menos-manutencao\/","url_meta":{"origin":1883,"position":4},"title":"\ud83d\ude97 Comparativo: Qual carro \u00e9 mais econ\u00f4mico e d\u00e1 menos manuten\u00e7\u00e3o? Guia completo para escolher o melhor modelo","author":"Emilio Vicente","date":"15 de March de 2026","format":false,"excerpt":"Escolher um carro no Brasil vai muito al\u00e9m do design ou do pre\u00e7o de compra. O verdadeiro custo de um ve\u00edculo aparece ao longo do tempo, principalmente com consumo de combust\u00edvel, revis\u00f5es e poss\u00edveis reparos mec\u00e2nicos. Por isso, cada vez mais motoristas pesquisam quais s\u00e3o os carros mais econ\u00f4micos e\u2026","rel":"","context":"In &quot;Diversos&quot;","block_context":{"text":"Diversos","link":"https:\/\/autoneggocio.com.br\/en\/category\/diversos\/"},"img":{"alt_text":"Comparativo: Qual carro \u00e9 mais econ\u00f4mico e d\u00e1 menos manuten\u00e7\u00e3o? Guia completo para escolher o melhor modelo","src":"https:\/\/i0.wp.com\/autoneggocio.com.br\/wp-content\/uploads\/2026\/03\/Design-sem-nome-5-1.jpg?fit=1200%2C738&ssl=1&resize=350%2C200","width":350,"height":200,"srcset":"https:\/\/i0.wp.com\/autoneggocio.com.br\/wp-content\/uploads\/2026\/03\/Design-sem-nome-5-1.jpg?fit=1200%2C738&ssl=1&resize=350%2C200 1x, https:\/\/i0.wp.com\/autoneggocio.com.br\/wp-content\/uploads\/2026\/03\/Design-sem-nome-5-1.jpg?fit=1200%2C738&ssl=1&resize=525%2C300 1.5x, https:\/\/i0.wp.com\/autoneggocio.com.br\/wp-content\/uploads\/2026\/03\/Design-sem-nome-5-1.jpg?fit=1200%2C738&ssl=1&resize=700%2C400 2x, https:\/\/i0.wp.com\/autoneggocio.com.br\/wp-content\/uploads\/2026\/03\/Design-sem-nome-5-1.jpg?fit=1200%2C738&ssl=1&resize=1050%2C600 3x"},"classes":[]},{"id":1380,"url":"https:\/\/autoneggocio.com.br\/en\/como-a-estetica-automotiva-pode-transformar-o-visual-e-o-valor\/","url_meta":{"origin":1883,"position":5},"title":"\ud83d\ude98 Como a Est\u00e9tica Automotiva Pode Transformar o Visual e o Valor do Seu Carro","author":"Emilio Vicente","date":"14 de October de 2025","format":false,"excerpt":"Quando se fala em cuidar de um carro, a maioria das pessoas pensa apenas em manuten\u00e7\u00e3o mec\u00e2nica \u2014 troca de \u00f3leo, alinhamento ou revis\u00e3o de freios. Mas h\u00e1 um aspecto igualmente importante e muitas vezes subestimado: a est\u00e9tica automotiva.Mais do que uma quest\u00e3o de apar\u00eancia, ela representa cuidado, valoriza\u00e7\u00e3o e\u2026","rel":"","context":"In &quot;Manuten\u00e7\u00e3o&quot;","block_context":{"text":"Manuten\u00e7\u00e3o","link":"https:\/\/autoneggocio.com.br\/en\/category\/manutencao\/"},"img":{"alt_text":"Como a Est\u00e9tica Automotiva Pode Transformar o Visual e o Valor do Seu Carro","src":"https:\/\/i0.wp.com\/autoneggocio.com.br\/wp-content\/uploads\/2025\/10\/Inserir-um-titulo-1-2.jpg?fit=1200%2C738&ssl=1&resize=350%2C200","width":350,"height":200,"srcset":"https:\/\/i0.wp.com\/autoneggocio.com.br\/wp-content\/uploads\/2025\/10\/Inserir-um-titulo-1-2.jpg?fit=1200%2C738&ssl=1&resize=350%2C200 1x, https:\/\/i0.wp.com\/autoneggocio.com.br\/wp-content\/uploads\/2025\/10\/Inserir-um-titulo-1-2.jpg?fit=1200%2C738&ssl=1&resize=525%2C300 1.5x, https:\/\/i0.wp.com\/autoneggocio.com.br\/wp-content\/uploads\/2025\/10\/Inserir-um-titulo-1-2.jpg?fit=1200%2C738&ssl=1&resize=700%2C400 2x, https:\/\/i0.wp.com\/autoneggocio.com.br\/wp-content\/uploads\/2025\/10\/Inserir-um-titulo-1-2.jpg?fit=1200%2C738&ssl=1&resize=1050%2C600 3x"},"classes":[]}],"amp_enabled":true,"_links":{"self":[{"href":"https:\/\/autoneggocio.com.br\/en\/wp-json\/wp\/v2\/posts\/1883","targetHints":{"allow":["GET"]}}],"collection":[{"href":"https:\/\/autoneggocio.com.br\/en\/wp-json\/wp\/v2\/posts"}],"about":[{"href":"https:\/\/autoneggocio.com.br\/en\/wp-json\/wp\/v2\/types\/post"}],"author":[{"embeddable":true,"href":"https:\/\/autoneggocio.com.br\/en\/wp-json\/wp\/v2\/users\/1"}],"replies":[{"embeddable":true,"href":"https:\/\/autoneggocio.com.br\/en\/wp-json\/wp\/v2\/comments?post=1883"}],"version-history":[{"count":1,"href":"https:\/\/autoneggocio.com.br\/en\/wp-json\/wp\/v2\/posts\/1883\/revisions"}],"predecessor-version":[{"id":1891,"href":"https:\/\/autoneggocio.com.br\/en\/wp-json\/wp\/v2\/posts\/1883\/revisions\/1891"}],"wp:featuredmedia":[{"embeddable":true,"href":"https:\/\/autoneggocio.com.br\/en\/wp-json\/wp\/v2\/media\/1890"}],"wp:attachment":[{"href":"https:\/\/autoneggocio.com.br\/en\/wp-json\/wp\/v2\/media?parent=1883"}],"wp:term":[{"taxonomy":"category","embeddable":true,"href":"https:\/\/autoneggocio.com.br\/en\/wp-json\/wp\/v2\/categories?post=1883"},{"taxonomy":"post_tag","embeddable":true,"href":"https:\/\/autoneggocio.com.br\/en\/wp-json\/wp\/v2\/tags?post=1883"}],"curies":[{"name":"wp","href":"https:\/\/api.w.org\/{rel}","templated":true}]}}