{"id":1853,"date":"2026-03-12T19:37:39","date_gmt":"2026-03-12T22:37:39","guid":{"rendered":"https:\/\/autoneggocio.com.br\/?p=1853"},"modified":"2026-03-12T19:37:43","modified_gmt":"2026-03-12T22:37:43","slug":"fiat-qual-e-o-melhor-modelo-e-custo-beneficio-para-rodar","status":"publish","type":"post","link":"https:\/\/autoneggocio.com.br\/en\/fiat-qual-e-o-melhor-modelo-e-custo-beneficio-para-rodar\/","title":{"rendered":"Fiat: qual \u00e9 o melhor modelo e custo-benef\u00edcio para rodar em aplicativo pegando todas as categorias?"},"content":{"rendered":"<p>Trabalhar com aplicativos de transporte exige uma escolha estrat\u00e9gica do ve\u00edculo. Afinal, o carro n\u00e3o \u00e9 apenas um meio de transporte: ele se torna uma ferramenta de trabalho que precisa oferecer <strong>baixo consumo de combust\u00edvel<\/strong>, <strong>manuten\u00e7\u00e3o acess\u00edvel<\/strong>, <strong>conforto para passageiros<\/strong> e <strong>boa aceita\u00e7\u00e3o nas categorias dos aplicativos<\/strong>.<\/p>\n\n\n\n<p>Entre as marcas presentes no mercado brasileiro, a <strong><a href=\"https:\/\/www.fiat.com.br\/\" type=\"link\" id=\"https:\/\/www.fiat.com.br\/\" target=\"_blank\" rel=\"noreferrer noopener\">Fiat<\/a><\/strong> se destaca por oferecer modelos com mec\u00e2nica simples, ampla rede de assist\u00eancia e pe\u00e7as relativamente baratas. Isso explica por que muitos motoristas de aplicativo optam por ve\u00edculos da marca.<\/p>\n\n\n\n<p>Mas surge uma pergunta comum entre quem deseja come\u00e7ar ou trocar de carro para trabalhar com apps: <strong>qual Fiat realmente vale a pena para rodar em todas as categorias poss\u00edveis e ter o melhor custo-benef\u00edcio?<\/strong><\/p>\n\n\n\n<p>Neste guia completo, voc\u00ea vai entender quais modelos da marca s\u00e3o mais indicados, seus pontos fortes, custos e qual deles realmente pode trazer mais lucro no dia a dia.<\/p>\n\n\n\n<h1 class=\"wp-block-heading\">\ud83d\ude97 O que um carro precisa ter para trabalhar em aplicativos<\/h1>\n\n\n\n<p>Antes de escolher o modelo, \u00e9 importante entender quais caracter\u00edsticas s\u00e3o essenciais para quem trabalha com transporte por aplicativo.<\/p>\n\n\n\n<h2 class=\"wp-block-heading\">1\ufe0f\u20e3 Consumo de combust\u00edvel eficiente<\/h2>\n\n\n\n<p>Motoristas de app rodam centenas de quil\u00f4metros por semana. Um carro econ\u00f4mico pode representar <strong>economia de milhares de reais por ano<\/strong>.<\/p>\n\n\n\n<h2 class=\"wp-block-heading\">2\ufe0f\u20e3 Baixo custo de manuten\u00e7\u00e3o<\/h2>\n\n\n\n<p>Pe\u00e7as caras ou revis\u00f5es frequentes podem comprometer a rentabilidade do motorista.<\/p>\n\n\n\n<h2 class=\"wp-block-heading\">3\ufe0f\u20e3 Espa\u00e7o interno confort\u00e1vel<\/h2>\n\n\n\n<p>Passageiros valorizam conforto, principalmente em corridas mais longas.<\/p>\n\n\n\n<h2 class=\"wp-block-heading\">4\ufe0f\u20e3 Porta-malas adequado<\/h2>\n\n\n\n<p>Principalmente para viagens de aeroporto ou corridas com bagagem.<\/p>\n\n\n\n<h2 class=\"wp-block-heading\">5\ufe0f\u20e3 Aceita\u00e7\u00e3o nas categorias do aplicativo<\/h2>\n\n\n\n<p>Dependendo do modelo e do ano do carro, ele pode rodar em categorias como:<\/p>\n\n\n\n<ul class=\"wp-block-list\">\n<li>UberX<\/li>\n\n\n\n<li>Uber Comfort<\/li>\n\n\n\n<li>99Pop<\/li>\n\n\n\n<li>99Comfort<\/li>\n<\/ul>\n\n\n\n<p>Quanto mais categorias o carro atender, <strong>maiores s\u00e3o as oportunidades de corrida e faturamento<\/strong>.<\/p>\n\n\n\n<h1 class=\"wp-block-heading\">\ud83d\ude98 Principais modelos da Fiat para rodar em aplicativos<\/h1>\n\n\n\n<p>Dentro da linha da Fiat, alguns modelos se destacam entre motoristas profissionais.<\/p>\n\n\n\n<h2 class=\"wp-block-heading\">1. Fiat Argo \u2013 O equil\u00edbrio entre economia e conforto<\/h2>\n\n\n\n<figure class=\"wp-block-image size-full\"><img data-recalc-dims=\"1\" fetchpriority=\"high\" decoding=\"async\" width=\"960\" height=\"557\" src=\"https:\/\/i0.wp.com\/autoneggocio.com.br\/wp-content\/uploads\/2026\/03\/fiat-argo.jpg?resize=960%2C557&#038;ssl=1\" alt=\"Fiat argo\" class=\"wp-image-1855\" srcset=\"https:\/\/i0.wp.com\/autoneggocio.com.br\/wp-content\/uploads\/2026\/03\/fiat-argo.jpg?w=1023&amp;ssl=1 1023w, https:\/\/i0.wp.com\/autoneggocio.com.br\/wp-content\/uploads\/2026\/03\/fiat-argo.jpg?resize=300%2C174&amp;ssl=1 300w, https:\/\/i0.wp.com\/autoneggocio.com.br\/wp-content\/uploads\/2026\/03\/fiat-argo.jpg?resize=768%2C446&amp;ssl=1 768w, https:\/\/i0.wp.com\/autoneggocio.com.br\/wp-content\/uploads\/2026\/03\/fiat-argo.jpg?resize=18%2C10&amp;ssl=1 18w, https:\/\/i0.wp.com\/autoneggocio.com.br\/wp-content\/uploads\/2026\/03\/fiat-argo.jpg?resize=150%2C87&amp;ssl=1 150w\" sizes=\"(max-width: 960px) 100vw, 960px\" \/><\/figure>\n\n\n\n<p>O <strong>Fiat Argo<\/strong> \u00e9 um dos carros mais populares entre motoristas de aplicativo no Brasil.<\/p>\n\n\n\n<p>Ele oferece uma boa combina\u00e7\u00e3o de:<\/p>\n\n\n\n<ul class=\"wp-block-list\">\n<li>consumo eficiente<\/li>\n\n\n\n<li>espa\u00e7o interno aceit\u00e1vel<\/li>\n\n\n\n<li>manuten\u00e7\u00e3o acess\u00edvel<\/li>\n<\/ul>\n\n\n\n<p>A vers\u00e3o <strong>Drive 1.0 ou 1.3<\/strong> costuma ser a mais escolhida.<\/p>\n\n\n\n<h3 class=\"wp-block-heading\">Pontos fortes<\/h3>\n\n\n\n<p>\u2714 consumo econ\u00f4mico<br>\u2714 manuten\u00e7\u00e3o simples<br>\u2714 boa revenda<br>\u2714 pode entrar em categorias superiores dependendo da cidade<\/p>\n\n\n\n<p>Al\u00e9m disso, o modelo \u00e9 bastante usado por motoristas porque oferece conforto suficiente para categorias intermedi\u00e1rias dos aplicativos.<\/p>\n\n\n\n<h3 class=\"wp-block-heading\">Consumo m\u00e9dio aproximado<\/h3>\n\n\n\n<figure class=\"wp-block-table\"><table class=\"has-fixed-layout\"><thead><tr><th class=\"has-text-align-center\" data-align=\"center\">Combust\u00edvel<\/th><th class=\"has-text-align-center\" data-align=\"center\">Cidade<\/th><th class=\"has-text-align-center\" data-align=\"center\">Estrada<\/th><\/tr><\/thead><tbody><tr><td class=\"has-text-align-center\" data-align=\"center\">Gasolina<\/td><td class=\"has-text-align-center\" data-align=\"center\">13,3 km\/l<\/td><td class=\"has-text-align-center\" data-align=\"center\">14,7 km\/l<\/td><\/tr><tr><td class=\"has-text-align-center\" data-align=\"center\">Etanol<\/td><td class=\"has-text-align-center\" data-align=\"center\">9,4 km\/l<\/td><td class=\"has-text-align-center\" data-align=\"center\">10,2 km\/l<\/td><\/tr><\/tbody><\/table><\/figure>\n\n\n\n<p>Esse consumo \u00e9 considerado muito bom para quem roda muitas horas por dia.<\/p>\n\n\n\n<h2 class=\"wp-block-heading\">2. Fiat Cronos \u2013 Melhor op\u00e7\u00e3o para categorias superiores<\/h2>\n\n\n\n<figure class=\"wp-block-image size-large\"><img data-recalc-dims=\"1\" decoding=\"async\" width=\"960\" height=\"510\" src=\"https:\/\/i0.wp.com\/autoneggocio.com.br\/wp-content\/uploads\/2026\/03\/fiat-cronos.jpg?resize=960%2C510&#038;ssl=1\" alt=\"fiat cronos\" class=\"wp-image-1856\" srcset=\"https:\/\/i0.wp.com\/autoneggocio.com.br\/wp-content\/uploads\/2026\/03\/fiat-cronos.jpg?resize=1024%2C544&amp;ssl=1 1024w, https:\/\/i0.wp.com\/autoneggocio.com.br\/wp-content\/uploads\/2026\/03\/fiat-cronos.jpg?resize=300%2C160&amp;ssl=1 300w, https:\/\/i0.wp.com\/autoneggocio.com.br\/wp-content\/uploads\/2026\/03\/fiat-cronos.jpg?resize=768%2C408&amp;ssl=1 768w, https:\/\/i0.wp.com\/autoneggocio.com.br\/wp-content\/uploads\/2026\/03\/fiat-cronos.jpg?resize=18%2C10&amp;ssl=1 18w, https:\/\/i0.wp.com\/autoneggocio.com.br\/wp-content\/uploads\/2026\/03\/fiat-cronos.jpg?resize=150%2C80&amp;ssl=1 150w, https:\/\/i0.wp.com\/autoneggocio.com.br\/wp-content\/uploads\/2026\/03\/fiat-cronos.jpg?w=1104&amp;ssl=1 1104w\" sizes=\"(max-width: 960px) 100vw, 960px\" \/><\/figure>\n\n\n\n<p>Se o objetivo \u00e9 trabalhar tamb\u00e9m em categorias com tarifas maiores, o <strong>Fiat Cronos<\/strong> pode ser uma escolha ainda melhor.<\/p>\n\n\n\n<p>O Cronos \u00e9 um <strong>sed\u00e3<\/strong>, o que traz algumas vantagens importantes:<\/p>\n\n\n\n<ul class=\"wp-block-list\">\n<li>porta-malas maior<\/li>\n\n\n\n<li>mais conforto para passageiros<\/li>\n\n\n\n<li>apar\u00eancia mais profissional<\/li>\n<\/ul>\n\n\n\n<p>O modelo possui um porta-malas de aproximadamente <strong>525 litros<\/strong>, um dos maiores da categoria.<\/p>\n\n\n\n<h3 class=\"wp-block-heading\">Pontos fortes<\/h3>\n\n\n\n<p>\u2714 grande porta-malas<br>\u2714 confort\u00e1vel para passageiros<br>\u2714 bom consumo<br>\u2714 aceito em categorias superiores<\/p>\n\n\n\n<h3 class=\"wp-block-heading\">Consumo m\u00e9dio<\/h3>\n\n\n\n<figure class=\"wp-block-table\"><table class=\"has-fixed-layout\"><thead><tr><th class=\"has-text-align-center\" data-align=\"center\">Combust\u00edvel<\/th><th class=\"has-text-align-center\" data-align=\"center\">Cidade<\/th><th class=\"has-text-align-center\" data-align=\"center\">Estrada<\/th><\/tr><\/thead><tbody><tr><td class=\"has-text-align-center\" data-align=\"center\">Gasolina<\/td><td class=\"has-text-align-center\" data-align=\"center\">at\u00e9 12,4 km\/l<\/td><td class=\"has-text-align-center\" data-align=\"center\">at\u00e9 14,8 km\/l<\/td><\/tr><tr><td class=\"has-text-align-center\" data-align=\"center\">Etanol<\/td><td class=\"has-text-align-center\" data-align=\"center\">8,5 km\/l<\/td><td class=\"has-text-align-center\" data-align=\"center\">10,3 km\/l<\/td><\/tr><\/tbody><\/table><\/figure>\n\n\n\n<p>Esse equil\u00edbrio entre consumo e espa\u00e7o faz dele um dos sed\u00e3s compactos mais utilizados por motoristas de aplicativo.<\/p>\n\n\n\n<h2 class=\"wp-block-heading\">3. Fiat Mobi \u2013 O mais barato para come\u00e7ar<\/h2>\n\n\n\n<figure class=\"wp-block-image size-large\"><img data-recalc-dims=\"1\" decoding=\"async\" width=\"960\" height=\"548\" src=\"https:\/\/i0.wp.com\/autoneggocio.com.br\/wp-content\/uploads\/2026\/03\/fiat-mobi.jpg?resize=960%2C548&#038;ssl=1\" alt=\"fiat mobi\" class=\"wp-image-1857\" srcset=\"https:\/\/i0.wp.com\/autoneggocio.com.br\/wp-content\/uploads\/2026\/03\/fiat-mobi.jpg?resize=1024%2C585&amp;ssl=1 1024w, https:\/\/i0.wp.com\/autoneggocio.com.br\/wp-content\/uploads\/2026\/03\/fiat-mobi.jpg?resize=300%2C171&amp;ssl=1 300w, https:\/\/i0.wp.com\/autoneggocio.com.br\/wp-content\/uploads\/2026\/03\/fiat-mobi.jpg?resize=768%2C439&amp;ssl=1 768w, https:\/\/i0.wp.com\/autoneggocio.com.br\/wp-content\/uploads\/2026\/03\/fiat-mobi.jpg?resize=18%2C10&amp;ssl=1 18w, https:\/\/i0.wp.com\/autoneggocio.com.br\/wp-content\/uploads\/2026\/03\/fiat-mobi.jpg?resize=150%2C86&amp;ssl=1 150w, https:\/\/i0.wp.com\/autoneggocio.com.br\/wp-content\/uploads\/2026\/03\/fiat-mobi.jpg?w=1033&amp;ssl=1 1033w\" sizes=\"(max-width: 960px) 100vw, 960px\" \/><\/figure>\n\n\n\n<p>Para quem est\u00e1 come\u00e7ando e tem or\u00e7amento mais limitado, o <strong>Fiat Mobi<\/strong> costuma ser a porta de entrada.<\/p>\n\n\n\n<p>Ele \u00e9 um carro extremamente econ\u00f4mico e barato de manter.<\/p>\n\n\n\n<h3 class=\"wp-block-heading\">Pontos fortes<\/h3>\n\n\n\n<p>\u2714 pre\u00e7o baixo<br>\u2714 manuten\u00e7\u00e3o barata<br>\u2714 consumo econ\u00f4mico<\/p>\n\n\n\n<h3 class=\"wp-block-heading\">Pontos negativos<\/h3>\n\n\n\n<p>\u274c espa\u00e7o interno pequeno<br>\u274c porta-malas limitado<br>\u274c geralmente aceito apenas na categoria b\u00e1sica<\/p>\n\n\n\n<p>Apesar disso, ele pode ser uma boa op\u00e7\u00e3o para quem quer <strong>come\u00e7ar a trabalhar rapidamente com investimento menor<\/strong>.<\/p>\n\n\n\n<figure class=\"wp-block-image size-large\"><img data-recalc-dims=\"1\" loading=\"lazy\" decoding=\"async\" width=\"960\" height=\"267\" src=\"https:\/\/i0.wp.com\/autoneggocio.com.br\/wp-content\/uploads\/2026\/03\/Captura-de-tela-2026-03-12-192817.jpg?resize=960%2C267&#038;ssl=1\" alt=\"\" class=\"wp-image-1854\" srcset=\"https:\/\/i0.wp.com\/autoneggocio.com.br\/wp-content\/uploads\/2026\/03\/Captura-de-tela-2026-03-12-192817.jpg?resize=1024%2C285&amp;ssl=1 1024w, https:\/\/i0.wp.com\/autoneggocio.com.br\/wp-content\/uploads\/2026\/03\/Captura-de-tela-2026-03-12-192817.jpg?resize=300%2C84&amp;ssl=1 300w, https:\/\/i0.wp.com\/autoneggocio.com.br\/wp-content\/uploads\/2026\/03\/Captura-de-tela-2026-03-12-192817.jpg?resize=768%2C214&amp;ssl=1 768w, https:\/\/i0.wp.com\/autoneggocio.com.br\/wp-content\/uploads\/2026\/03\/Captura-de-tela-2026-03-12-192817.jpg?resize=18%2C5&amp;ssl=1 18w, https:\/\/i0.wp.com\/autoneggocio.com.br\/wp-content\/uploads\/2026\/03\/Captura-de-tela-2026-03-12-192817.jpg?resize=150%2C42&amp;ssl=1 150w, https:\/\/i0.wp.com\/autoneggocio.com.br\/wp-content\/uploads\/2026\/03\/Captura-de-tela-2026-03-12-192817.jpg?w=1310&amp;ssl=1 1310w\" sizes=\"(max-width: 960px) 100vw, 960px\" \/><\/figure>\n\n\n\n<h1 class=\"wp-block-heading\">\ud83d\udcca Compara\u00e7\u00e3o entre os principais modelos Fiat para aplicativo<\/h1>\n\n\n\n<figure class=\"wp-block-table\"><table class=\"has-fixed-layout\"><thead><tr><th class=\"has-text-align-center\" data-align=\"center\">Modelo<\/th><th class=\"has-text-align-center\" data-align=\"center\">Categoria poss\u00edvel<\/th><th>Consumo m\u00e9dio<\/th><th class=\"has-text-align-center\" data-align=\"center\">Espa\u00e7o interno<\/th><th class=\"has-text-align-center\" data-align=\"center\">Custo-benef\u00edcio<\/th><\/tr><\/thead><tbody><tr><td class=\"has-text-align-center\" data-align=\"center\">Fiat Mobi<\/td><td class=\"has-text-align-center\" data-align=\"center\">B\u00e1sica<\/td><td>Muito econ\u00f4mico<\/td><td class=\"has-text-align-center\" data-align=\"center\">Pequeno<\/td><td class=\"has-text-align-center\" data-align=\"center\">Bom para iniciar<\/td><\/tr><tr><td class=\"has-text-align-center\" data-align=\"center\">Fiat Argo<\/td><td class=\"has-text-align-center\" data-align=\"center\">B\u00e1sica + intermedi\u00e1ria<\/td><td>Econ\u00f4mico<\/td><td class=\"has-text-align-center\" data-align=\"center\">M\u00e9dio<\/td><td class=\"has-text-align-center\" data-align=\"center\">Excelente<\/td><\/tr><tr><td class=\"has-text-align-center\" data-align=\"center\">Fiat Cronos<\/td><td class=\"has-text-align-center\" data-align=\"center\">B\u00e1sica + Comfort<\/td><td>Econ\u00f4mico<\/td><td class=\"has-text-align-center\" data-align=\"center\">Grande<\/td><td class=\"has-text-align-center\" data-align=\"center\">Melhor equil\u00edbrio<\/td><\/tr><\/tbody><\/table><\/figure>\n\n\n\n<h1 class=\"wp-block-heading\">\ud83d\udcb0 Qual Fiat realmente tem o melhor custo-benef\u00edcio?<\/h1>\n\n\n\n<p>Analisando consumo, conforto, manuten\u00e7\u00e3o e categorias dispon\u00edveis, o modelo mais equilibrado costuma ser:<\/p>\n\n\n\n<h2 class=\"wp-block-heading\">\ud83c\udfc6 Fiat Argo<\/h2>\n\n\n\n<p>Ele oferece:<\/p>\n\n\n\n<ul class=\"wp-block-list\">\n<li>pre\u00e7o acess\u00edvel<\/li>\n\n\n\n<li>consumo baixo<\/li>\n\n\n\n<li>conforto razo\u00e1vel<\/li>\n\n\n\n<li>manuten\u00e7\u00e3o barata<\/li>\n\n\n\n<li>boa aceita\u00e7\u00e3o nos aplicativos<\/li>\n<\/ul>\n\n\n\n<p>Al\u00e9m disso, \u00e9 um dos carros mais vendidos do Brasil, o que garante <strong>facilidade de pe\u00e7as e revenda<\/strong>.<\/p>\n\n\n\n<h1 class=\"wp-block-heading\">\ud83d\udcc8 Dicas para lucrar mais usando um Fiat em aplicativos<\/h1>\n\n\n\n<p>Escolher o carro certo \u00e9 apenas o primeiro passo. Para aumentar o lucro, algumas estrat\u00e9gias s\u00e3o fundamentais.<\/p>\n\n\n\n<h2 class=\"wp-block-heading\">1\ufe0f\u20e3 Priorize carros com motor 1.0 ou 1.3<\/h2>\n\n\n\n<p>Motores menores costumam ter menor consumo e manuten\u00e7\u00e3o mais barata.<\/p>\n\n\n\n<h2 class=\"wp-block-heading\">2\ufe0f\u20e3 Fa\u00e7a manuten\u00e7\u00e3o preventiva<\/h2>\n\n\n\n<p>Itens importantes incluem:<\/p>\n\n\n\n<ul class=\"wp-block-list\">\n<li>\u00f3leo do motor<\/li>\n\n\n\n<li>filtros<\/li>\n\n\n\n<li>pastilhas de freio<\/li>\n\n\n\n<li>suspens\u00e3o<\/li>\n<\/ul>\n\n\n\n<p>Isso evita que o carro fique parado na oficina.<\/p>\n\n\n\n<h2 class=\"wp-block-heading\">3\ufe0f\u20e3 Trabalhe em hor\u00e1rios estrat\u00e9gicos<\/h2>\n\n\n\n<p>Hor\u00e1rios de maior demanda:<\/p>\n\n\n\n<ul class=\"wp-block-list\">\n<li>manh\u00e3 cedo<\/li>\n\n\n\n<li>hor\u00e1rio de almo\u00e7o<\/li>\n\n\n\n<li>fim da tarde<\/li>\n\n\n\n<li>madrugada de sexta e s\u00e1bado<\/li>\n<\/ul>\n\n\n\n<h2 class=\"wp-block-heading\">4\ufe0f\u20e3 Utilize aplicativos simultaneamente<\/h2>\n\n\n\n<p>Rodar em mais de um aplicativo pode aumentar significativamente o n\u00famero de corridas.<\/p>\n\n\n\n<h1 class=\"wp-block-heading\">\ud83d\udd27 Passo a passo para escolher o Fiat ideal para trabalhar em aplicativo<\/h1>\n\n\n\n<h3 class=\"wp-block-heading\">1\ufe0f\u20e3 Defina seu or\u00e7amento<\/h3>\n\n\n\n<p>Considere:<\/p>\n\n\n\n<ul class=\"wp-block-list\">\n<li>entrada<\/li>\n\n\n\n<li>financiamento<\/li>\n\n\n\n<li>seguro<\/li>\n\n\n\n<li>combust\u00edvel<\/li>\n<\/ul>\n\n\n\n<h3 class=\"wp-block-heading\">2\ufe0f\u20e3 Escolha entre hatch ou sed\u00e3<\/h3>\n\n\n\n<ul class=\"wp-block-list\">\n<li>hatch \u2192 mais barato<\/li>\n\n\n\n<li>sed\u00e3 \u2192 mais confort\u00e1vel e melhor avalia\u00e7\u00e3o de passageiros<\/li>\n<\/ul>\n\n\n\n<h3 class=\"wp-block-heading\">3\ufe0f\u20e3 Verifique exig\u00eancias da plataforma<\/h3>\n\n\n\n<p>Cada cidade pode ter regras diferentes para:<\/p>\n\n\n\n<ul class=\"wp-block-list\">\n<li>ano do ve\u00edculo<\/li>\n\n\n\n<li>n\u00famero de portas<\/li>\n\n\n\n<li>ar-condicionado<\/li>\n<\/ul>\n\n\n\n<p>Voc\u00ea pode conferir diretamente no site oficial da Uber:<\/p>\n\n\n\n<p>\ud83d\udd17 <a href=\"https:\/\/www.uber.com\/br\/pt-br\/drive\/requirements\/\" target=\"_blank\" rel=\"noreferrer noopener\">https:\/\/www.uber.com\/br\/pt-br\/drive\/requirements\/<\/a><\/p>\n\n\n\n<h3 class=\"wp-block-heading\">4\ufe0f\u20e3 Fa\u00e7a test-drive<\/h3>\n\n\n\n<p>Avalie:<\/p>\n\n\n\n<ul class=\"wp-block-list\">\n<li>conforto<\/li>\n\n\n\n<li>consumo<\/li>\n\n\n\n<li>visibilidade<\/li>\n\n\n\n<li>posi\u00e7\u00e3o de dirigir<\/li>\n<\/ul>\n\n\n\n<h3 class=\"wp-block-heading\">5\ufe0f\u20e3 Calcule o custo mensal<\/h3>\n\n\n\n<p>Inclua:<\/p>\n\n\n\n<ul class=\"wp-block-list\">\n<li>combust\u00edvel<\/li>\n\n\n\n<li>manuten\u00e7\u00e3o<\/li>\n\n\n\n<li>parcela<\/li>\n\n\n\n<li>seguro<\/li>\n\n\n\n<li>IPVA<\/li>\n<\/ul>\n\n\n\n<h1 class=\"wp-block-heading\">\ud83c\udf0e Tend\u00eancia do mercado para motoristas de aplicativo<\/h1>\n\n\n\n<p>O mercado de transporte por aplicativo est\u00e1 cada vez mais competitivo. Por isso, escolher um carro com:<\/p>\n\n\n\n<ul class=\"wp-block-list\">\n<li><strong>economia<\/strong><\/li>\n\n\n\n<li><strong>conforto<\/strong><\/li>\n\n\n\n<li><strong>boa imagem para passageiros<\/strong><\/li>\n<\/ul>\n\n\n\n<p>se tornou essencial.<\/p>\n\n\n\n<p>Modelos como Argo e Cronos continuam sendo escolhas populares porque conseguem equilibrar todos esses fatores sem exigir um investimento muito alto.<\/p>\n\n\n\n<h1 class=\"wp-block-heading\">\ud83d\ude80 O segredo para ganhar dinheiro com carro de aplicativo<\/h1>\n\n\n\n<p>Muitos motoristas acreditam que o sucesso depende apenas de trabalhar muitas horas. Na pr\u00e1tica, <strong>a escolha do carro influencia diretamente no lucro<\/strong>.<\/p>\n\n\n\n<p>Um ve\u00edculo econ\u00f4mico, confi\u00e1vel e confort\u00e1vel pode significar:<\/p>\n\n\n\n<ul class=\"wp-block-list\">\n<li>menos gastos com combust\u00edvel<\/li>\n\n\n\n<li>menos tempo parado na oficina<\/li>\n\n\n\n<li>melhores avalia\u00e7\u00f5es dos passageiros<\/li>\n<\/ul>\n\n\n\n<p>Por isso, escolher bem o modelo pode transformar o aplicativo em uma <strong>fonte s\u00f3lida de renda<\/strong>.<\/p>\n\n\n\n<p>Se a ideia \u00e9 trabalhar com a marca Fiat e ainda ter um \u00f3timo retorno financeiro, <strong>o Fiat Argo costuma ser o melhor equil\u00edbrio entre custo, economia e conforto<\/strong>, enquanto o <strong>Fiat Cronos se destaca para quem deseja subir de categoria e aumentar o valor das corridas<\/strong>.<\/p>\n\n\n\n<p>Com planejamento, manuten\u00e7\u00e3o correta e escolha estrat\u00e9gica do ve\u00edculo, o carro deixa de ser apenas um meio de transporte e passa a ser <strong>uma verdadeira ferramenta de gera\u00e7\u00e3o de renda no dia a dia<\/strong>.<\/p>\n\n\n\n<h2 class=\"wp-block-heading\">\u2753 FAQ \u2013 Perguntas frequentes<\/h2>\n\n\n\n<h3 class=\"wp-block-heading\">Qual Fiat \u00e9 melhor para Uber?<\/h3>\n\n\n\n<p>O <strong>Fiat Argo<\/strong> costuma ser o mais equilibrado entre pre\u00e7o, consumo e conforto.<\/p>\n\n\n\n<h3 class=\"wp-block-heading\">O Fiat Cronos vale a pena para aplicativo?<\/h3>\n\n\n\n<p>Sim. Ele oferece mais espa\u00e7o e pode entrar em categorias superiores, o que aumenta o valor das corridas.<\/p>\n\n\n\n<h3 class=\"wp-block-heading\">O Fiat Mobi \u00e9 bom para Uber?<\/h3>\n\n\n\n<p>Pode ser uma op\u00e7\u00e3o para come\u00e7ar, mas o espa\u00e7o interno limitado pode prejudicar o conforto dos passageiros.<\/p>\n\n\n\n<h3 class=\"wp-block-heading\">Qual motor da Fiat \u00e9 mais econ\u00f4mico para app?<\/h3>\n\n\n\n<p>Os motores <strong>Firefly 1.0 e 1.3<\/strong> s\u00e3o conhecidos por boa economia e manuten\u00e7\u00e3o simples.<\/p>","protected":false},"excerpt":{"rendered":"<p>Trabalhar com aplicativos de transporte exige uma escolha estrat\u00e9gica do ve\u00edculo. Afinal, o carro n\u00e3o \u00e9 apenas um meio de transporte: ele se torna uma ferramenta de trabalho que precisa oferecer baixo consumo de combust\u00edvel, manuten\u00e7\u00e3o acess\u00edvel, conforto para passageiros e boa aceita\u00e7\u00e3o nas categorias dos aplicativos. Entre as marcas presentes no mercado brasileiro, a<\/p>","protected":false},"author":1,"featured_media":1858,"comment_status":"open","ping_status":"open","sticky":false,"template":"","format":"standard","meta":{"googlesitekit_rrm_CAowp_uhDA:productID":"","jetpack_post_was_ever_published":false,"_jetpack_newsletter_access":"","_jetpack_dont_email_post_to_subs":false,"_jetpack_newsletter_tier_id":0,"_jetpack_memberships_contains_paywalled_content":false,"_jetpack_memberships_contains_paid_content":false,"footnotes":"","jetpack_publicize_message":"","jetpack_publicize_feature_enabled":true,"jetpack_social_post_already_shared":true,"jetpack_social_options":{"image_generator_settings":{"template":"highway","default_image_id":0,"font":"","enabled":false},"version":2}},"categories":[3],"tags":[333],"class_list":["post-1853","post","type-post","status-publish","format-standard","has-post-thumbnail","hentry","category-diversos","tag-fiat"],"yoast_head":"<!-- This site is optimized with the Yoast SEO plugin v27.5 - https:\/\/yoast.com\/product\/yoast-seo-wordpress\/ -->\n<title>Fiat: qual \u00e9 o melhor modelo e custo-benef\u00edcio para rodar<\/title>\n<meta name=\"description\" content=\"Melhor Fiat para rodar em aplicativo: melhor custo-benef\u00edcio para Uber e 99, comparando Argo, Cronos e Mobi.\" \/>\n<meta name=\"robots\" content=\"index, follow, max-snippet:-1, max-image-preview:large, max-video-preview:-1\" \/>\n<link rel=\"canonical\" href=\"https:\/\/autoneggocio.com.br\/en\/fiat-qual-e-o-melhor-modelo-e-custo-beneficio-para-rodar\/\" \/>\n<meta property=\"og:locale\" content=\"en_US\" \/>\n<meta property=\"og:type\" content=\"article\" \/>\n<meta property=\"og:title\" content=\"Fiat: qual \u00e9 o melhor modelo e custo-benef\u00edcio para rodar\" \/>\n<meta property=\"og:description\" content=\"Melhor Fiat para rodar em aplicativo: melhor custo-benef\u00edcio para Uber e 99, comparando Argo, Cronos e Mobi.\" \/>\n<meta property=\"og:url\" content=\"https:\/\/autoneggocio.com.br\/en\/fiat-qual-e-o-melhor-modelo-e-custo-beneficio-para-rodar\/\" \/>\n<meta property=\"article:publisher\" content=\"https:\/\/www.facebook.com\/autoneggocio\" \/>\n<meta property=\"article:published_time\" content=\"2026-03-12T22:37:39+00:00\" \/>\n<meta property=\"article:modified_time\" content=\"2026-03-12T22:37:43+00:00\" \/>\n<meta property=\"og:image\" content=\"https:\/\/autoneggocio.com.br\/wp-content\/uploads\/2026\/03\/Design-sem-nome-34.jpg\" \/>\n\t<meta property=\"og:image:width\" content=\"1300\" \/>\n\t<meta property=\"og:image:height\" content=\"800\" \/>\n\t<meta property=\"og:image:type\" content=\"image\/jpeg\" \/>\n<meta name=\"author\" content=\"Emilio Vicente\" \/>\n<meta name=\"twitter:card\" content=\"summary_large_image\" \/>\n<meta name=\"twitter:creator\" content=\"@autoneggocio\" \/>\n<meta name=\"twitter:site\" content=\"@autoneggocio\" \/>\n<meta name=\"twitter:label1\" content=\"Written by\" \/>\n\t<meta name=\"twitter:data1\" content=\"Emilio Vicente\" \/>\n\t<meta name=\"twitter:label2\" content=\"Est. reading time\" \/>\n\t<meta name=\"twitter:data2\" content=\"8 minutes\" \/>\n<script type=\"application\/ld+json\" class=\"yoast-schema-graph\">{\"@context\":\"https:\\\/\\\/schema.org\",\"@graph\":[{\"@type\":\"Article\",\"@id\":\"https:\\\/\\\/autoneggocio.com.br\\\/fiat-qual-e-o-melhor-modelo-e-custo-beneficio-para-rodar\\\/#article\",\"isPartOf\":{\"@id\":\"https:\\\/\\\/autoneggocio.com.br\\\/fiat-qual-e-o-melhor-modelo-e-custo-beneficio-para-rodar\\\/\"},\"author\":{\"name\":\"Emilio Vicente\",\"@id\":\"https:\\\/\\\/autoneggocio.com.br\\\/#\\\/schema\\\/person\\\/0c1bb8ea92e22f4070dbbee3f3d63773\"},\"headline\":\"Fiat: qual \u00e9 o melhor modelo e custo-benef\u00edcio para rodar em aplicativo pegando todas as categorias?\",\"datePublished\":\"2026-03-12T22:37:39+00:00\",\"dateModified\":\"2026-03-12T22:37:43+00:00\",\"mainEntityOfPage\":{\"@id\":\"https:\\\/\\\/autoneggocio.com.br\\\/fiat-qual-e-o-melhor-modelo-e-custo-beneficio-para-rodar\\\/\"},\"wordCount\":1301,\"commentCount\":0,\"publisher\":{\"@id\":\"https:\\\/\\\/autoneggocio.com.br\\\/#organization\"},\"image\":{\"@id\":\"https:\\\/\\\/autoneggocio.com.br\\\/fiat-qual-e-o-melhor-modelo-e-custo-beneficio-para-rodar\\\/#primaryimage\"},\"thumbnailUrl\":\"https:\\\/\\\/i0.wp.com\\\/autoneggocio.com.br\\\/wp-content\\\/uploads\\\/2026\\\/03\\\/Design-sem-nome-34.jpg?fit=1300%2C800&ssl=1\",\"keywords\":[\"fiat\"],\"articleSection\":[\"Diversos\"],\"inLanguage\":\"en-US\",\"potentialAction\":[{\"@type\":\"CommentAction\",\"name\":\"Comment\",\"target\":[\"https:\\\/\\\/autoneggocio.com.br\\\/fiat-qual-e-o-melhor-modelo-e-custo-beneficio-para-rodar\\\/#respond\"]}]},{\"@type\":\"WebPage\",\"@id\":\"https:\\\/\\\/autoneggocio.com.br\\\/fiat-qual-e-o-melhor-modelo-e-custo-beneficio-para-rodar\\\/\",\"url\":\"https:\\\/\\\/autoneggocio.com.br\\\/fiat-qual-e-o-melhor-modelo-e-custo-beneficio-para-rodar\\\/\",\"name\":\"Fiat: qual \u00e9 o melhor modelo e custo-benef\u00edcio para rodar\",\"isPartOf\":{\"@id\":\"https:\\\/\\\/autoneggocio.com.br\\\/#website\"},\"primaryImageOfPage\":{\"@id\":\"https:\\\/\\\/autoneggocio.com.br\\\/fiat-qual-e-o-melhor-modelo-e-custo-beneficio-para-rodar\\\/#primaryimage\"},\"image\":{\"@id\":\"https:\\\/\\\/autoneggocio.com.br\\\/fiat-qual-e-o-melhor-modelo-e-custo-beneficio-para-rodar\\\/#primaryimage\"},\"thumbnailUrl\":\"https:\\\/\\\/i0.wp.com\\\/autoneggocio.com.br\\\/wp-content\\\/uploads\\\/2026\\\/03\\\/Design-sem-nome-34.jpg?fit=1300%2C800&ssl=1\",\"datePublished\":\"2026-03-12T22:37:39+00:00\",\"dateModified\":\"2026-03-12T22:37:43+00:00\",\"description\":\"Melhor Fiat para rodar em aplicativo: melhor custo-benef\u00edcio para Uber e 99, comparando Argo, Cronos e Mobi.\",\"breadcrumb\":{\"@id\":\"https:\\\/\\\/autoneggocio.com.br\\\/fiat-qual-e-o-melhor-modelo-e-custo-beneficio-para-rodar\\\/#breadcrumb\"},\"inLanguage\":\"en-US\",\"potentialAction\":[{\"@type\":\"ReadAction\",\"target\":[\"https:\\\/\\\/autoneggocio.com.br\\\/fiat-qual-e-o-melhor-modelo-e-custo-beneficio-para-rodar\\\/\"]}]},{\"@type\":\"ImageObject\",\"inLanguage\":\"en-US\",\"@id\":\"https:\\\/\\\/autoneggocio.com.br\\\/fiat-qual-e-o-melhor-modelo-e-custo-beneficio-para-rodar\\\/#primaryimage\",\"url\":\"https:\\\/\\\/i0.wp.com\\\/autoneggocio.com.br\\\/wp-content\\\/uploads\\\/2026\\\/03\\\/Design-sem-nome-34.jpg?fit=1300%2C800&ssl=1\",\"contentUrl\":\"https:\\\/\\\/i0.wp.com\\\/autoneggocio.com.br\\\/wp-content\\\/uploads\\\/2026\\\/03\\\/Design-sem-nome-34.jpg?fit=1300%2C800&ssl=1\",\"width\":1300,\"height\":800,\"caption\":\"Fiat: qual \u00e9 o melhor modelo e custo-benef\u00edcio para rodar em aplicativo pegando todas as categorias?\"},{\"@type\":\"BreadcrumbList\",\"@id\":\"https:\\\/\\\/autoneggocio.com.br\\\/fiat-qual-e-o-melhor-modelo-e-custo-beneficio-para-rodar\\\/#breadcrumb\",\"itemListElement\":[{\"@type\":\"ListItem\",\"position\":1,\"name\":\"In\u00edcio\",\"item\":\"https:\\\/\\\/autoneggocio.com.br\\\/\"},{\"@type\":\"ListItem\",\"position\":2,\"name\":\"Fiat: qual \u00e9 o melhor modelo e custo-benef\u00edcio para rodar em aplicativo pegando todas as categorias?\"}]},{\"@type\":\"WebSite\",\"@id\":\"https:\\\/\\\/autoneggocio.com.br\\\/#website\",\"url\":\"https:\\\/\\\/autoneggocio.com.br\\\/\",\"name\":\"Autoneggocio\",\"description\":\"\",\"publisher\":{\"@id\":\"https:\\\/\\\/autoneggocio.com.br\\\/#organization\"},\"potentialAction\":[{\"@type\":\"SearchAction\",\"target\":{\"@type\":\"EntryPoint\",\"urlTemplate\":\"https:\\\/\\\/autoneggocio.com.br\\\/?s={search_term_string}\"},\"query-input\":{\"@type\":\"PropertyValueSpecification\",\"valueRequired\":true,\"valueName\":\"search_term_string\"}}],\"inLanguage\":\"en-US\"},{\"@type\":\"Organization\",\"@id\":\"https:\\\/\\\/autoneggocio.com.br\\\/#organization\",\"name\":\"Autoneggocio\",\"url\":\"https:\\\/\\\/autoneggocio.com.br\\\/\",\"logo\":{\"@type\":\"ImageObject\",\"inLanguage\":\"en-US\",\"@id\":\"https:\\\/\\\/autoneggocio.com.br\\\/#\\\/schema\\\/logo\\\/image\\\/\",\"url\":\"https:\\\/\\\/autoneggocio.com.br\\\/wp-content\\\/uploads\\\/2025\\\/06\\\/cropped-AUTONEGGOCIO-13-03-3.png\",\"contentUrl\":\"https:\\\/\\\/autoneggocio.com.br\\\/wp-content\\\/uploads\\\/2025\\\/06\\\/cropped-AUTONEGGOCIO-13-03-3.png\",\"width\":500,\"height\":498,\"caption\":\"Autoneggocio\"},\"image\":{\"@id\":\"https:\\\/\\\/autoneggocio.com.br\\\/#\\\/schema\\\/logo\\\/image\\\/\"},\"sameAs\":[\"https:\\\/\\\/www.facebook.com\\\/autoneggocio\",\"https:\\\/\\\/x.com\\\/autoneggocio\",\"https:\\\/\\\/www.instagram.com\\\/autoneggocio\\\/\"]},{\"@type\":\"Person\",\"@id\":\"https:\\\/\\\/autoneggocio.com.br\\\/#\\\/schema\\\/person\\\/0c1bb8ea92e22f4070dbbee3f3d63773\",\"name\":\"Emilio Vicente\",\"image\":{\"@type\":\"ImageObject\",\"inLanguage\":\"en-US\",\"@id\":\"https:\\\/\\\/secure.gravatar.com\\\/avatar\\\/8bb5538811faed86f0918a0d158ea9a866941020a74128a5dd808470b5ed0fea?s=96&d=mm&r=g\",\"url\":\"https:\\\/\\\/secure.gravatar.com\\\/avatar\\\/8bb5538811faed86f0918a0d158ea9a866941020a74128a5dd808470b5ed0fea?s=96&d=mm&r=g\",\"contentUrl\":\"https:\\\/\\\/secure.gravatar.com\\\/avatar\\\/8bb5538811faed86f0918a0d158ea9a866941020a74128a5dd808470b5ed0fea?s=96&d=mm&r=g\",\"caption\":\"Emilio Vicente\"},\"description\":\"Emilio de Vicente \u00e9 o autor e respons\u00e1vel pelos conte\u00fados do site Autoneggocio, trazendo informa\u00e7\u00f5es atualizadas, an\u00e1lises profundas e artigos relevantes sobre o mundo dos autom\u00f3veis com assuntos relacionados a manuten\u00e7\u00e3o preventiva de carros em geral.\",\"sameAs\":[\"https:\\\/\\\/autoneggocio.com.br\"],\"url\":\"https:\\\/\\\/autoneggocio.com.br\\\/en\\\/author\\\/emilio\\\/\"}]}<\/script>\n<!-- \/ Yoast SEO plugin. -->","yoast_head_json":{"title":"Fiat: qual \u00e9 o melhor modelo e custo-benef\u00edcio para rodar","description":"Melhor Fiat para rodar em aplicativo: melhor custo-benef\u00edcio para Uber e 99, comparando Argo, Cronos e Mobi.","robots":{"index":"index","follow":"follow","max-snippet":"max-snippet:-1","max-image-preview":"max-image-preview:large","max-video-preview":"max-video-preview:-1"},"canonical":"https:\/\/autoneggocio.com.br\/en\/fiat-qual-e-o-melhor-modelo-e-custo-beneficio-para-rodar\/","og_locale":"en_US","og_type":"article","og_title":"Fiat: qual \u00e9 o melhor modelo e custo-benef\u00edcio para rodar","og_description":"Melhor Fiat para rodar em aplicativo: melhor custo-benef\u00edcio para Uber e 99, comparando Argo, Cronos e Mobi.","og_url":"https:\/\/autoneggocio.com.br\/en\/fiat-qual-e-o-melhor-modelo-e-custo-beneficio-para-rodar\/","article_publisher":"https:\/\/www.facebook.com\/autoneggocio","article_published_time":"2026-03-12T22:37:39+00:00","article_modified_time":"2026-03-12T22:37:43+00:00","og_image":[{"width":1300,"height":800,"url":"https:\/\/autoneggocio.com.br\/wp-content\/uploads\/2026\/03\/Design-sem-nome-34.jpg","type":"image\/jpeg"}],"author":"Emilio Vicente","twitter_card":"summary_large_image","twitter_creator":"@autoneggocio","twitter_site":"@autoneggocio","twitter_misc":{"Written by":"Emilio Vicente","Est. reading time":"8 minutes"},"schema":{"@context":"https:\/\/schema.org","@graph":[{"@type":"Article","@id":"https:\/\/autoneggocio.com.br\/fiat-qual-e-o-melhor-modelo-e-custo-beneficio-para-rodar\/#article","isPartOf":{"@id":"https:\/\/autoneggocio.com.br\/fiat-qual-e-o-melhor-modelo-e-custo-beneficio-para-rodar\/"},"author":{"name":"Emilio Vicente","@id":"https:\/\/autoneggocio.com.br\/#\/schema\/person\/0c1bb8ea92e22f4070dbbee3f3d63773"},"headline":"Fiat: qual \u00e9 o melhor modelo e custo-benef\u00edcio para rodar em aplicativo pegando todas as categorias?","datePublished":"2026-03-12T22:37:39+00:00","dateModified":"2026-03-12T22:37:43+00:00","mainEntityOfPage":{"@id":"https:\/\/autoneggocio.com.br\/fiat-qual-e-o-melhor-modelo-e-custo-beneficio-para-rodar\/"},"wordCount":1301,"commentCount":0,"publisher":{"@id":"https:\/\/autoneggocio.com.br\/#organization"},"image":{"@id":"https:\/\/autoneggocio.com.br\/fiat-qual-e-o-melhor-modelo-e-custo-beneficio-para-rodar\/#primaryimage"},"thumbnailUrl":"https:\/\/i0.wp.com\/autoneggocio.com.br\/wp-content\/uploads\/2026\/03\/Design-sem-nome-34.jpg?fit=1300%2C800&ssl=1","keywords":["fiat"],"articleSection":["Diversos"],"inLanguage":"en-US","potentialAction":[{"@type":"CommentAction","name":"Comment","target":["https:\/\/autoneggocio.com.br\/fiat-qual-e-o-melhor-modelo-e-custo-beneficio-para-rodar\/#respond"]}]},{"@type":"WebPage","@id":"https:\/\/autoneggocio.com.br\/fiat-qual-e-o-melhor-modelo-e-custo-beneficio-para-rodar\/","url":"https:\/\/autoneggocio.com.br\/fiat-qual-e-o-melhor-modelo-e-custo-beneficio-para-rodar\/","name":"Fiat: qual \u00e9 o melhor modelo e custo-benef\u00edcio para rodar","isPartOf":{"@id":"https:\/\/autoneggocio.com.br\/#website"},"primaryImageOfPage":{"@id":"https:\/\/autoneggocio.com.br\/fiat-qual-e-o-melhor-modelo-e-custo-beneficio-para-rodar\/#primaryimage"},"image":{"@id":"https:\/\/autoneggocio.com.br\/fiat-qual-e-o-melhor-modelo-e-custo-beneficio-para-rodar\/#primaryimage"},"thumbnailUrl":"https:\/\/i0.wp.com\/autoneggocio.com.br\/wp-content\/uploads\/2026\/03\/Design-sem-nome-34.jpg?fit=1300%2C800&ssl=1","datePublished":"2026-03-12T22:37:39+00:00","dateModified":"2026-03-12T22:37:43+00:00","description":"Melhor Fiat para rodar em aplicativo: melhor custo-benef\u00edcio para Uber e 99, comparando Argo, Cronos e Mobi.","breadcrumb":{"@id":"https:\/\/autoneggocio.com.br\/fiat-qual-e-o-melhor-modelo-e-custo-beneficio-para-rodar\/#breadcrumb"},"inLanguage":"en-US","potentialAction":[{"@type":"ReadAction","target":["https:\/\/autoneggocio.com.br\/fiat-qual-e-o-melhor-modelo-e-custo-beneficio-para-rodar\/"]}]},{"@type":"ImageObject","inLanguage":"en-US","@id":"https:\/\/autoneggocio.com.br\/fiat-qual-e-o-melhor-modelo-e-custo-beneficio-para-rodar\/#primaryimage","url":"https:\/\/i0.wp.com\/autoneggocio.com.br\/wp-content\/uploads\/2026\/03\/Design-sem-nome-34.jpg?fit=1300%2C800&ssl=1","contentUrl":"https:\/\/i0.wp.com\/autoneggocio.com.br\/wp-content\/uploads\/2026\/03\/Design-sem-nome-34.jpg?fit=1300%2C800&ssl=1","width":1300,"height":800,"caption":"Fiat: qual \u00e9 o melhor modelo e custo-benef\u00edcio para rodar em aplicativo pegando todas as categorias?"},{"@type":"BreadcrumbList","@id":"https:\/\/autoneggocio.com.br\/fiat-qual-e-o-melhor-modelo-e-custo-beneficio-para-rodar\/#breadcrumb","itemListElement":[{"@type":"ListItem","position":1,"name":"In\u00edcio","item":"https:\/\/autoneggocio.com.br\/"},{"@type":"ListItem","position":2,"name":"Fiat: qual \u00e9 o melhor modelo e custo-benef\u00edcio para rodar em aplicativo pegando todas as categorias?"}]},{"@type":"WebSite","@id":"https:\/\/autoneggocio.com.br\/#website","url":"https:\/\/autoneggocio.com.br\/","name":"Autoneggocio","description":"","publisher":{"@id":"https:\/\/autoneggocio.com.br\/#organization"},"potentialAction":[{"@type":"SearchAction","target":{"@type":"EntryPoint","urlTemplate":"https:\/\/autoneggocio.com.br\/?s={search_term_string}"},"query-input":{"@type":"PropertyValueSpecification","valueRequired":true,"valueName":"search_term_string"}}],"inLanguage":"en-US"},{"@type":"Organization","@id":"https:\/\/autoneggocio.com.br\/#organization","name":"Autoneggocio","url":"https:\/\/autoneggocio.com.br\/","logo":{"@type":"ImageObject","inLanguage":"en-US","@id":"https:\/\/autoneggocio.com.br\/#\/schema\/logo\/image\/","url":"https:\/\/autoneggocio.com.br\/wp-content\/uploads\/2025\/06\/cropped-AUTONEGGOCIO-13-03-3.png","contentUrl":"https:\/\/autoneggocio.com.br\/wp-content\/uploads\/2025\/06\/cropped-AUTONEGGOCIO-13-03-3.png","width":500,"height":498,"caption":"Autoneggocio"},"image":{"@id":"https:\/\/autoneggocio.com.br\/#\/schema\/logo\/image\/"},"sameAs":["https:\/\/www.facebook.com\/autoneggocio","https:\/\/x.com\/autoneggocio","https:\/\/www.instagram.com\/autoneggocio\/"]},{"@type":"Person","@id":"https:\/\/autoneggocio.com.br\/#\/schema\/person\/0c1bb8ea92e22f4070dbbee3f3d63773","name":"Emilio Vicente","image":{"@type":"ImageObject","inLanguage":"en-US","@id":"https:\/\/secure.gravatar.com\/avatar\/8bb5538811faed86f0918a0d158ea9a866941020a74128a5dd808470b5ed0fea?s=96&d=mm&r=g","url":"https:\/\/secure.gravatar.com\/avatar\/8bb5538811faed86f0918a0d158ea9a866941020a74128a5dd808470b5ed0fea?s=96&d=mm&r=g","contentUrl":"https:\/\/secure.gravatar.com\/avatar\/8bb5538811faed86f0918a0d158ea9a866941020a74128a5dd808470b5ed0fea?s=96&d=mm&r=g","caption":"Emilio Vicente"},"description":"Emilio de Vicente \u00e9 o autor e respons\u00e1vel pelos conte\u00fados do site Autoneggocio, trazendo informa\u00e7\u00f5es atualizadas, an\u00e1lises profundas e artigos relevantes sobre o mundo dos autom\u00f3veis com assuntos relacionados a manuten\u00e7\u00e3o preventiva de carros em geral.","sameAs":["https:\/\/autoneggocio.com.br"],"url":"https:\/\/autoneggocio.com.br\/en\/author\/emilio\/"}]}},"jetpack_publicize_connections":[],"jetpack_featured_media_url":"https:\/\/i0.wp.com\/autoneggocio.com.br\/wp-content\/uploads\/2026\/03\/Design-sem-nome-34.jpg?fit=1300%2C800&ssl=1","jetpack_sharing_enabled":true,"jetpack_likes_enabled":true,"jetpack-related-posts":[{"id":1083,"url":"https:\/\/autoneggocio.com.br\/en\/fiat-toro-2026-vejas-as-novidades\/","url_meta":{"origin":1853,"position":0},"title":"Fiat Toro 2026 veja as novidades deste SUV","author":"Emilio Vicente","date":"2 de August de 2025","format":false,"excerpt":"Voc\u00ea est\u00e1 prestes a descobrir as novidades do SUV compacto da marca italiana. Este modelo promete revolucionar o mercado com suas atualiza\u00e7\u00f5es. Neste artigo, vamos explorar as principais mudan\u00e7as. Elas tornam este modelo ainda mais atraente para os consumidores brasileiros. Principais Conclus\u00f5es Novas caracter\u00edsticas do modelo 2026 Melhorias no design\u2026","rel":"","context":"In &quot;Diversos&quot;","block_context":{"text":"Diversos","link":"https:\/\/autoneggocio.com.br\/en\/category\/diversos\/"},"img":{"alt_text":"fiat toro 2.026","src":"https:\/\/i0.wp.com\/autoneggocio.com.br\/wp-content\/uploads\/2025\/08\/Inserir-um-titulo-15.jpg?fit=1200%2C738&ssl=1&resize=350%2C200","width":350,"height":200,"srcset":"https:\/\/i0.wp.com\/autoneggocio.com.br\/wp-content\/uploads\/2025\/08\/Inserir-um-titulo-15.jpg?fit=1200%2C738&ssl=1&resize=350%2C200 1x, https:\/\/i0.wp.com\/autoneggocio.com.br\/wp-content\/uploads\/2025\/08\/Inserir-um-titulo-15.jpg?fit=1200%2C738&ssl=1&resize=525%2C300 1.5x, https:\/\/i0.wp.com\/autoneggocio.com.br\/wp-content\/uploads\/2025\/08\/Inserir-um-titulo-15.jpg?fit=1200%2C738&ssl=1&resize=700%2C400 2x, https:\/\/i0.wp.com\/autoneggocio.com.br\/wp-content\/uploads\/2025\/08\/Inserir-um-titulo-15.jpg?fit=1200%2C738&ssl=1&resize=1050%2C600 3x"},"classes":[]},{"id":946,"url":"https:\/\/autoneggocio.com.br\/en\/fiat-500-hibrido-a-nova-geracao-de-um-icone-reimaginado\/","url_meta":{"origin":1853,"position":1},"title":"Fiat 500 H\u00edbrido: A Nova Gera\u00e7\u00e3o de um \u00cdcone Reimaginado\ud83d\ude97","author":"Emilio Vicente","date":"8 de July de 2025","format":false,"excerpt":"O Fiat 500, que marcou gera\u00e7\u00f5es com seu visual retr\u00f4 e sua praticidade urbana, agora d\u00e1 um salto importante em dire\u00e7\u00e3o \u00e0 mobilidade sustent\u00e1vel. Com a nova gera\u00e7\u00e3o h\u00edbrida, o compacto italiano chega renovado, mais eficiente e conectado com o futuro da mobilidade nas grandes cidades. Essa atualiza\u00e7\u00e3o n\u00e3o \u00e9\u2026","rel":"","context":"In &quot;Diversos&quot;","block_context":{"text":"Diversos","link":"https:\/\/autoneggocio.com.br\/en\/category\/diversos\/"},"img":{"alt_text":"Fiat 500 H\u00edbrido","src":"https:\/\/i0.wp.com\/autoneggocio.com.br\/wp-content\/uploads\/2025\/07\/fiat-500-tributo-trepiuno.jpg?fit=1200%2C675&ssl=1&resize=350%2C200","width":350,"height":200,"srcset":"https:\/\/i0.wp.com\/autoneggocio.com.br\/wp-content\/uploads\/2025\/07\/fiat-500-tributo-trepiuno.jpg?fit=1200%2C675&ssl=1&resize=350%2C200 1x, https:\/\/i0.wp.com\/autoneggocio.com.br\/wp-content\/uploads\/2025\/07\/fiat-500-tributo-trepiuno.jpg?fit=1200%2C675&ssl=1&resize=525%2C300 1.5x, https:\/\/i0.wp.com\/autoneggocio.com.br\/wp-content\/uploads\/2025\/07\/fiat-500-tributo-trepiuno.jpg?fit=1200%2C675&ssl=1&resize=700%2C400 2x, https:\/\/i0.wp.com\/autoneggocio.com.br\/wp-content\/uploads\/2025\/07\/fiat-500-tributo-trepiuno.jpg?fit=1200%2C675&ssl=1&resize=1050%2C600 3x"},"classes":[]},{"id":1874,"url":"https:\/\/autoneggocio.com.br\/en\/qual-carro-e-mais-economico-e-da-menos-manutencao\/","url_meta":{"origin":1853,"position":2},"title":"\ud83d\ude97 Comparativo: Qual carro \u00e9 mais econ\u00f4mico e d\u00e1 menos manuten\u00e7\u00e3o? Guia completo para escolher o melhor modelo","author":"Emilio Vicente","date":"15 de March de 2026","format":false,"excerpt":"Escolher um carro no Brasil vai muito al\u00e9m do design ou do pre\u00e7o de compra. O verdadeiro custo de um ve\u00edculo aparece ao longo do tempo, principalmente com consumo de combust\u00edvel, revis\u00f5es e poss\u00edveis reparos mec\u00e2nicos. Por isso, cada vez mais motoristas pesquisam quais s\u00e3o os carros mais econ\u00f4micos e\u2026","rel":"","context":"In &quot;Diversos&quot;","block_context":{"text":"Diversos","link":"https:\/\/autoneggocio.com.br\/en\/category\/diversos\/"},"img":{"alt_text":"Comparativo: Qual carro \u00e9 mais econ\u00f4mico e d\u00e1 menos manuten\u00e7\u00e3o? Guia completo para escolher o melhor modelo","src":"https:\/\/i0.wp.com\/autoneggocio.com.br\/wp-content\/uploads\/2026\/03\/Design-sem-nome-5-1.jpg?fit=1200%2C738&ssl=1&resize=350%2C200","width":350,"height":200,"srcset":"https:\/\/i0.wp.com\/autoneggocio.com.br\/wp-content\/uploads\/2026\/03\/Design-sem-nome-5-1.jpg?fit=1200%2C738&ssl=1&resize=350%2C200 1x, https:\/\/i0.wp.com\/autoneggocio.com.br\/wp-content\/uploads\/2026\/03\/Design-sem-nome-5-1.jpg?fit=1200%2C738&ssl=1&resize=525%2C300 1.5x, https:\/\/i0.wp.com\/autoneggocio.com.br\/wp-content\/uploads\/2026\/03\/Design-sem-nome-5-1.jpg?fit=1200%2C738&ssl=1&resize=700%2C400 2x, https:\/\/i0.wp.com\/autoneggocio.com.br\/wp-content\/uploads\/2026\/03\/Design-sem-nome-5-1.jpg?fit=1200%2C738&ssl=1&resize=1050%2C600 3x"},"classes":[]},{"id":1883,"url":"https:\/\/autoneggocio.com.br\/en\/os-7-carros-com-melhor-valor-de-revenda-e-menor-custo\/","url_meta":{"origin":1853,"position":3},"title":"Os 7 Carros com Melhor Valor de Revenda e Menor Custo de Manuten\u00e7\u00e3o em 2026","author":"Emilio Vicente","date":"15 de March de 2026","format":false,"excerpt":"O mercado automotivo brasileiro em\u00a02026\u00a0consolidou uma mudan\u00e7a de paradigma: o carro deixou de ser apenas um meio de transporte para se tornar um ativo financeiro estrat\u00e9gico. Com a volatilidade dos pre\u00e7os dos 0km e a estabiliza\u00e7\u00e3o dos seminovos, o consumidor inteligente aprendeu que a economia real n\u00e3o acontece na hora\u2026","rel":"","context":"In &quot;Diversos&quot;","block_context":{"text":"Diversos","link":"https:\/\/autoneggocio.com.br\/en\/category\/diversos\/"},"img":{"alt_text":"Os 7 Carros com Melhor Valor de Revenda e Menor Custo de Manuten\u00e7\u00e3o em 2026","src":"https:\/\/i0.wp.com\/autoneggocio.com.br\/wp-content\/uploads\/2026\/03\/Design-sem-nome-15.jpg?fit=1200%2C738&ssl=1&resize=350%2C200","width":350,"height":200,"srcset":"https:\/\/i0.wp.com\/autoneggocio.com.br\/wp-content\/uploads\/2026\/03\/Design-sem-nome-15.jpg?fit=1200%2C738&ssl=1&resize=350%2C200 1x, https:\/\/i0.wp.com\/autoneggocio.com.br\/wp-content\/uploads\/2026\/03\/Design-sem-nome-15.jpg?fit=1200%2C738&ssl=1&resize=525%2C300 1.5x, https:\/\/i0.wp.com\/autoneggocio.com.br\/wp-content\/uploads\/2026\/03\/Design-sem-nome-15.jpg?fit=1200%2C738&ssl=1&resize=700%2C400 2x, https:\/\/i0.wp.com\/autoneggocio.com.br\/wp-content\/uploads\/2026\/03\/Design-sem-nome-15.jpg?fit=1200%2C738&ssl=1&resize=1050%2C600 3x"},"classes":[]},{"id":1401,"url":"https:\/\/autoneggocio.com.br\/en\/fiat-pulse-abart-novidade-e-muita-tecnologia\/","url_meta":{"origin":1853,"position":4},"title":"Fiat Pulse Abarth: novidade, esportividade e tecnologia de ponta","author":"Emilio Vicente","date":"22 de October de 2025","format":false,"excerpt":"O universo automotivo est\u00e1 em constante evolu\u00e7\u00e3o, e os consumidores brasileiros t\u00eam buscado cada vez mais SUVs compactos que entreguem performance, seguran\u00e7a e conectividade. Nesse cen\u00e1rio, a Fiat decidiu trazer um tempero apimentado para o Pulse: nasce o Fiat Pulse Abarth, o primeiro SUV com a assinatura da lend\u00e1ria divis\u00e3o\u2026","rel":"","context":"In &quot;Diversos&quot;","block_context":{"text":"Diversos","link":"https:\/\/autoneggocio.com.br\/en\/category\/diversos\/"},"img":{"alt_text":"Fiat Pulse Abart","src":"https:\/\/i0.wp.com\/autoneggocio.com.br\/wp-content\/uploads\/2025\/10\/Fiat-Pulse-Abart.jpg?fit=834%2C498&ssl=1&resize=350%2C200","width":350,"height":200,"srcset":"https:\/\/i0.wp.com\/autoneggocio.com.br\/wp-content\/uploads\/2025\/10\/Fiat-Pulse-Abart.jpg?fit=834%2C498&ssl=1&resize=350%2C200 1x, https:\/\/i0.wp.com\/autoneggocio.com.br\/wp-content\/uploads\/2025\/10\/Fiat-Pulse-Abart.jpg?fit=834%2C498&ssl=1&resize=525%2C300 1.5x, https:\/\/i0.wp.com\/autoneggocio.com.br\/wp-content\/uploads\/2025\/10\/Fiat-Pulse-Abart.jpg?fit=834%2C498&ssl=1&resize=700%2C400 2x"},"classes":[]},{"id":1865,"url":"https:\/\/autoneggocio.com.br\/en\/melhores-carros-automaticos-ate-r-100-000-guia-completo\/","url_meta":{"origin":1853,"position":5},"title":"\ud83d\ude97 Melhores carros autom\u00e1ticos at\u00e9 R$ 100.000: guia completo para escolher o modelo ideal","author":"Emilio Vicente","date":"14 de March de 2026","format":false,"excerpt":"A busca por carros autom\u00e1ticos cresceu muito nos \u00faltimos anos no Brasil. O que antes era visto como luxo, hoje se tornou uma prefer\u00eancia para muitos motoristas que desejam mais conforto no tr\u00e2nsito urbano, principalmente em cidades com tr\u00e1fego intenso. Felizmente, o mercado automotivo evoluiu e j\u00e1 oferece diversas op\u00e7\u00f5es\u2026","rel":"","context":"In &quot;Diversos&quot;","block_context":{"text":"Diversos","link":"https:\/\/autoneggocio.com.br\/en\/category\/diversos\/"},"img":{"alt_text":"Melhores carros autom\u00e1ticos at\u00e9 R$ 100.000: guia completo para escolher o modelo ideal","src":"https:\/\/i0.wp.com\/autoneggocio.com.br\/wp-content\/uploads\/2026\/03\/Design-sem-nome-41.jpg?fit=1200%2C738&ssl=1&resize=350%2C200","width":350,"height":200,"srcset":"https:\/\/i0.wp.com\/autoneggocio.com.br\/wp-content\/uploads\/2026\/03\/Design-sem-nome-41.jpg?fit=1200%2C738&ssl=1&resize=350%2C200 1x, https:\/\/i0.wp.com\/autoneggocio.com.br\/wp-content\/uploads\/2026\/03\/Design-sem-nome-41.jpg?fit=1200%2C738&ssl=1&resize=525%2C300 1.5x, https:\/\/i0.wp.com\/autoneggocio.com.br\/wp-content\/uploads\/2026\/03\/Design-sem-nome-41.jpg?fit=1200%2C738&ssl=1&resize=700%2C400 2x, https:\/\/i0.wp.com\/autoneggocio.com.br\/wp-content\/uploads\/2026\/03\/Design-sem-nome-41.jpg?fit=1200%2C738&ssl=1&resize=1050%2C600 3x"},"classes":[]}],"amp_enabled":true,"_links":{"self":[{"href":"https:\/\/autoneggocio.com.br\/en\/wp-json\/wp\/v2\/posts\/1853","targetHints":{"allow":["GET"]}}],"collection":[{"href":"https:\/\/autoneggocio.com.br\/en\/wp-json\/wp\/v2\/posts"}],"about":[{"href":"https:\/\/autoneggocio.com.br\/en\/wp-json\/wp\/v2\/types\/post"}],"author":[{"embeddable":true,"href":"https:\/\/autoneggocio.com.br\/en\/wp-json\/wp\/v2\/users\/1"}],"replies":[{"embeddable":true,"href":"https:\/\/autoneggocio.com.br\/en\/wp-json\/wp\/v2\/comments?post=1853"}],"version-history":[{"count":1,"href":"https:\/\/autoneggocio.com.br\/en\/wp-json\/wp\/v2\/posts\/1853\/revisions"}],"predecessor-version":[{"id":1859,"href":"https:\/\/autoneggocio.com.br\/en\/wp-json\/wp\/v2\/posts\/1853\/revisions\/1859"}],"wp:featuredmedia":[{"embeddable":true,"href":"https:\/\/autoneggocio.com.br\/en\/wp-json\/wp\/v2\/media\/1858"}],"wp:attachment":[{"href":"https:\/\/autoneggocio.com.br\/en\/wp-json\/wp\/v2\/media?parent=1853"}],"wp:term":[{"taxonomy":"category","embeddable":true,"href":"https:\/\/autoneggocio.com.br\/en\/wp-json\/wp\/v2\/categories?post=1853"},{"taxonomy":"post_tag","embeddable":true,"href":"https:\/\/autoneggocio.com.br\/en\/wp-json\/wp\/v2\/tags?post=1853"}],"curies":[{"name":"wp","href":"https:\/\/api.w.org\/{rel}","templated":true}]}}